{"id":152022,"date":"2020-02-07T07:57:58","date_gmt":"2020-02-07T10:57:58","guid":{"rendered":"http:\/\/www.caririemacao.com\/1\/?p=152022"},"modified":"2020-02-07T07:58:00","modified_gmt":"2020-02-07T10:58:00","slug":"cidadania-nao-descarta-filiacao-de-adriano-galdino-e-veneziano-vital","status":"publish","type":"post","link":"https:\/\/www.caririemacao.com\/1\/2020\/02\/07\/cidadania-nao-descarta-filiacao-de-adriano-galdino-e-veneziano-vital\/","title":{"rendered":"Cidadania n\u00e3o descarta filia\u00e7\u00e3o de Adriano Galdino e Veneziano Vital"},"content":{"rendered":"\n<p>Ap\u00f3s as pol\u00eamicas geradas pela \u2018Opera\u00e7\u00e3o Calv\u00e1rio\u2019, a soma de pol\u00edticos buscando a desfilia\u00e7\u00e3o do PSB paraibano s\u00f3 tem crescido, culminando, tamb\u00e9m, na ida do governador Jo\u00e3o Azev\u00eado ao Partido Cidadania.<\/p>\n\n\n\n<p>A decis\u00e3o de Azev\u00eado, por sua vez, influenciou alguns aliados pol\u00edticos a buscar a mesma sigla, resultando em prefeitos, vereadores, dentre outros cargos, enviando solicita\u00e7\u00e3o de filia\u00e7\u00e3o ao novo partido.<\/p>\n\n\n\n<p>O presidente do Cidadania, Ronaldo Guerra, teceu coment\u00e1rios sobre a possibilidade de integra\u00e7\u00e3o com nomes bastante conhecidos na pol\u00edtica: o deputado e presidente da Assembleia Legislativa da Para\u00edba (ALPB), Adriano Galdino \u2013 que j\u00e1 anunciou que deixar\u00e1 o partido socialista \u2013 e o senador Veneziano Vital (PSB).<\/p>\n\n\n\n<p>Referente Adriano, Ronaldo disse ter uma rela\u00e7\u00e3o de amizade e acredita que ele seja um \u00f3timo nome para integrar a legenda. No entanto, foi lembrado que o presidente da ALPB j\u00e1 afirmou diversas vezes que s\u00f3 entraria em um partido com o objetivo de presidir a n\u00edvel estadual. \u201cA gente n\u00e3o pode de jeito nenhum descartar a possibilidade de Adriano vir para o partido, agora no antigo PPS, hoje Cidadania, n\u00f3s temos uma regra\u201d, disse.<\/p>\n\n\n\n<p>A regra pontuada por ele \u00e9 uma elei\u00e7\u00e3o interna feita, regularmente, de quatro em quatro anos, que define o presidente da legenda atrav\u00e9s do voto.<\/p>\n\n\n\n<p>\u201cEu fui eleito vice-presidente, junto com Nonato Bandeira como presidente, e, em seguida, fui eleito presidente. Meu mandato termina no dia 30 de mar\u00e7o de 2021, portanto, eu ainda tenho direito a uma reelei\u00e7\u00e3o\u201d, falou.<\/p>\n\n\n\n<p>Por isso, segundo Guerra, mesmo se fosse do seu interesse abrir m\u00e3o e renunciar para que Adriano assuma, n\u00e3o seria poss\u00edvel, uma vez que seria estabelecido um novo congresso, para que o vice assumisse.<\/p>\n\n\n\n<p>\u201cMas a vontade \u00e9 grande de t\u00ea-lo no partido, sem d\u00favidas. E eu acho que isso n\u00e3o est\u00e1 dif\u00edcil, apenas o deputado, por ter o mandato, a legisla\u00e7\u00e3o n\u00e3o permite que ele saia de um partido para outro fora do per\u00edodo da janela, estabelecida pela Justi\u00e7a Eleitoral, que para ele como deputado ser\u00e1 l\u00e1 em 2022\u201d, pontuou.<\/p>\n\n\n\n<p>J\u00e1 referente ao senador Veneziano, ele destacou que \u00e9 importante lembrar que a esposa do senador [Ana Cl\u00e1udia Vital] \u00e9 presidente do Podemos no Estado, o que, em sua vis\u00e3o, n\u00e3o o deixa confort\u00e1vel para convid\u00e1-lo. \u201cMas, se houver manifesta\u00e7\u00e3o dele em vir ao Cidadania, com certeza ser\u00e1 uma maravilha para o partido, e o partido est\u00e1 de portas abertas para receb\u00ea-lo\u201d, finalizou.<\/p>\n\n\n\n<p>Para\u00edba Debate <\/p>\n","protected":false},"excerpt":{"rendered":"<p>Ap\u00f3s as pol\u00eamicas geradas pela \u2018Opera\u00e7\u00e3o Calv\u00e1rio\u2019, a soma de pol\u00edticos buscando a desfilia\u00e7\u00e3o do PSB paraibano s\u00f3 tem crescido, culminando, tamb\u00e9m, na ida do&hellip; <\/p>\n","protected":false},"author":1,"featured_media":152023,"comment_status":"closed","ping_status":"closed","sticky":false,"template":"","format":"standard","meta":{"sfsi_plus_gutenberg_text_before_share":"","sfsi_plus_gutenberg_show_text_before_share":"","sfsi_plus_gutenberg_icon_type":"","sfsi_plus_gutenberg_icon_alignemt":"","sfsi_plus_gutenburg_max_per_row":"","footnotes":""},"categories":[2],"tags":[],"class_list":["post-152022","post","type-post","status-publish","format-standard","has-post-thumbnail","hentry","category-geral"],"_links":{"self":[{"href":"https:\/\/www.caririemacao.com\/1\/wp-json\/wp\/v2\/posts\/152022","targetHints":{"allow":["GET"]}}],"collection":[{"href":"https:\/\/www.caririemacao.com\/1\/wp-json\/wp\/v2\/posts"}],"about":[{"href":"https:\/\/www.caririemacao.com\/1\/wp-json\/wp\/v2\/types\/post"}],"author":[{"embeddable":true,"href":"https:\/\/www.caririemacao.com\/1\/wp-json\/wp\/v2\/users\/1"}],"replies":[{"embeddable":true,"href":"https:\/\/www.caririemacao.com\/1\/wp-json\/wp\/v2\/comments?post=152022"}],"version-history":[{"count":1,"href":"https:\/\/www.caririemacao.com\/1\/wp-json\/wp\/v2\/posts\/152022\/revisions"}],"predecessor-version":[{"id":152024,"href":"https:\/\/www.caririemacao.com\/1\/wp-json\/wp\/v2\/posts\/152022\/revisions\/152024"}],"wp:featuredmedia":[{"embeddable":true,"href":"https:\/\/www.caririemacao.com\/1\/wp-json\/wp\/v2\/media\/152023"}],"wp:attachment":[{"href":"https:\/\/www.caririemacao.com\/1\/wp-json\/wp\/v2\/media?parent=152022"}],"wp:term":[{"taxonomy":"category","embeddable":true,"href":"https:\/\/www.caririemacao.com\/1\/wp-json\/wp\/v2\/categories?post=152022"},{"taxonomy":"post_tag","embeddable":true,"href":"https:\/\/www.caririemacao.com\/1\/wp-json\/wp\/v2\/tags?post=152022"}],"curies":[{"name":"wp","href":"https:\/\/api.w.org\/{rel}","templated":true}]}}