{"id":152025,"date":"2020-02-07T07:59:53","date_gmt":"2020-02-07T10:59:53","guid":{"rendered":"http:\/\/www.caririemacao.com\/1\/?p=152025"},"modified":"2020-02-07T07:59:56","modified_gmt":"2020-02-07T10:59:56","slug":"cidadaos-de-outros-paises-poderao-voltar-da-china-em-avioes-do-brasil","status":"publish","type":"post","link":"https:\/\/www.caririemacao.com\/1\/2020\/02\/07\/cidadaos-de-outros-paises-poderao-voltar-da-china-em-avioes-do-brasil\/","title":{"rendered":"Cidad\u00e3os de outros pa\u00edses poder\u00e3o voltar da China em avi\u00f5es do Brasil"},"content":{"rendered":"\n<p>As aeronaves enviadas pelo governo federal para resgatar brasileiros em Wuhan, na China, poder\u00e3o trazer cidad\u00e3os de outros pa\u00edses, caso haja disponibilidade de espa\u00e7o nos voos. A informa\u00e7\u00e3o foi dada pelo presidente Jair Bolsonaro durante live semanal transmitida na noite desta quinta-feira (6). Um pedido de carona, segundo o presidente, j\u00e1 foi solicitado pelo governo da Pol\u00f4nia. &nbsp;<\/p>\n\n\n\n<p>&#8220;Talvez, se tivermos apenas em torno de 40 brasileiros para trazer para c\u00e1, como sobrariam em torno de 10 vagas, eu j\u00e1 autorizei a trazer nacionais de outros pa\u00edses. Se for da Am\u00e9rica do Sul, pousa aqui. Parece que entrou um pedido da Pol\u00f4nia agora e, obviamente, como vai pousar em Vars\u00f3via [capital polonesa], eles foram gentis para conosco, e t\u00eam poloneses l\u00e1 [em Wuhan], se quiserem retornar, [eles] v\u00eam e desembarcam em Vars\u00f3via e tudo bem&#8221;, disse o presidente.<\/p>\n\n\n\n<p>As duas aeronaves da For\u00e7a A\u00e9rea Brasileira (FAB)&nbsp;<a href=\"http:\/\/agenciabrasil.ebc.com.br\/saude\/noticia\/2020-02\/aeronaves-da-fab-decolam-com-destino-wuhan-para-buscar-brasileiros\" target=\"_blank\" rel=\"noreferrer noopener\">decolaram ontem (5) de Bras\u00edlia com destino a Wuhan&nbsp;<\/a>. A expectativa \u00e9 que eles tragam de volta ao Brasil as 34 pessoas (brasileiros e parentes) que se encontram na cidade epicentro do surto de coronav\u00edrus. Na volta, as aeronaves far\u00e3o cinco escalas: Urumqi (China), Vars\u00f3via (Pol\u00f4nia), Las Palmas (Espanha) e Fortaleza (CE), at\u00e9 o pouso final em An\u00e1polis (GO).&nbsp;<\/p>\n\n\n\n<p>S\u00f3 poder\u00e3o embarcar na China pessoas que n\u00e3o apresentarem sintomas da doen\u00e7a. Uma equipe de m\u00e9dicos militares far\u00e1 exames preliminares ainda em solo chin\u00eas. A previs\u00e3o \u00e9 que os avi\u00f5es cheguem ao Brasil no s\u00e1bado (8), com desembarque na Base A\u00e9rea de An\u00e1polis, em Goi\u00e1s. Todos os resgatados, bem como a tripula\u00e7\u00e3o de militares, equipe m\u00e9dica e o cinegrafista da Empresa Brasil de Comunica\u00e7\u00e3o (EBC) que est\u00e3o a bordo, passar\u00e3o por uma quarentena de 18 dias nas instala\u00e7\u00f5es da base, seguindo protocolos e instru\u00e7\u00f5es oficiais visando \u00e0 seguran\u00e7a de todos envolvidos. Os cidad\u00e3os isolados ter\u00e3o tratamento gratuito e o direito de serem informados permanentemente sobre seu estado de sa\u00fade.<\/p>\n\n\n\n<p>Durante a live, o diretor da Ag\u00eancia Nacional de Vigil\u00e2ncia Sanit\u00e1ria (Anvisa), Antonio Barra Torres, informou que as instala\u00e7\u00f5es na Base A\u00e9rea de An\u00e1polis est\u00e3o prontas para receber os resgatados com toda a estrutura de sa\u00fade e seguran\u00e7a para evitar contamina\u00e7\u00e3o. Ele buscou tranquilizar os moradores da regi\u00e3o.<\/p>\n\n\n\n<p>&#8220;Se vai ter um lugar no Brasil muito dif\u00edcil desse v\u00edrus se disseminar ser\u00e1 An\u00e1polis, porque toda a estrutura de seguran\u00e7a sanit\u00e1ria, todas as medidas est\u00e3o sendo tomadas para acolher os nossos cidad\u00e3os brasileiros que estavam em situa\u00e7\u00e3o dif\u00edcil na China&#8221;, afirmou.<\/p>\n","protected":false},"excerpt":{"rendered":"<p>As aeronaves enviadas pelo governo federal para resgatar brasileiros em Wuhan, na China, poder\u00e3o trazer cidad\u00e3os de outros pa\u00edses, caso haja disponibilidade de espa\u00e7o nos&hellip; <\/p>\n","protected":false},"author":1,"featured_media":152026,"comment_status":"closed","ping_status":"closed","sticky":false,"template":"","format":"standard","meta":{"sfsi_plus_gutenberg_text_before_share":"","sfsi_plus_gutenberg_show_text_before_share":"","sfsi_plus_gutenberg_icon_type":"","sfsi_plus_gutenberg_icon_alignemt":"","sfsi_plus_gutenburg_max_per_row":"","footnotes":""},"categories":[2],"tags":[],"class_list":["post-152025","post","type-post","status-publish","format-standard","has-post-thumbnail","hentry","category-geral"],"_links":{"self":[{"href":"https:\/\/www.caririemacao.com\/1\/wp-json\/wp\/v2\/posts\/152025","targetHints":{"allow":["GET"]}}],"collection":[{"href":"https:\/\/www.caririemacao.com\/1\/wp-json\/wp\/v2\/posts"}],"about":[{"href":"https:\/\/www.caririemacao.com\/1\/wp-json\/wp\/v2\/types\/post"}],"author":[{"embeddable":true,"href":"https:\/\/www.caririemacao.com\/1\/wp-json\/wp\/v2\/users\/1"}],"replies":[{"embeddable":true,"href":"https:\/\/www.caririemacao.com\/1\/wp-json\/wp\/v2\/comments?post=152025"}],"version-history":[{"count":1,"href":"https:\/\/www.caririemacao.com\/1\/wp-json\/wp\/v2\/posts\/152025\/revisions"}],"predecessor-version":[{"id":152027,"href":"https:\/\/www.caririemacao.com\/1\/wp-json\/wp\/v2\/posts\/152025\/revisions\/152027"}],"wp:featuredmedia":[{"embeddable":true,"href":"https:\/\/www.caririemacao.com\/1\/wp-json\/wp\/v2\/media\/152026"}],"wp:attachment":[{"href":"https:\/\/www.caririemacao.com\/1\/wp-json\/wp\/v2\/media?parent=152025"}],"wp:term":[{"taxonomy":"category","embeddable":true,"href":"https:\/\/www.caririemacao.com\/1\/wp-json\/wp\/v2\/categories?post=152025"},{"taxonomy":"post_tag","embeddable":true,"href":"https:\/\/www.caririemacao.com\/1\/wp-json\/wp\/v2\/tags?post=152025"}],"curies":[{"name":"wp","href":"https:\/\/api.w.org\/{rel}","templated":true}]}}