{"id":152029,"date":"2020-02-07T08:02:07","date_gmt":"2020-02-07T11:02:07","guid":{"rendered":"http:\/\/www.caririemacao.com\/1\/?p=152029"},"modified":"2020-02-07T08:02:09","modified_gmt":"2020-02-07T11:02:09","slug":"governo-preve-investimento-de-r30-bi-em-ferrovias-nos-proximos-5-anos","status":"publish","type":"post","link":"https:\/\/www.caririemacao.com\/1\/2020\/02\/07\/governo-preve-investimento-de-r30-bi-em-ferrovias-nos-proximos-5-anos\/","title":{"rendered":"Governo prev\u00ea investimento de R$30 bi em ferrovias nos pr\u00f3ximos 5 anos"},"content":{"rendered":"\n<p> O Minist\u00e9rio de Infraestrutura prev\u00ea investimentos de R$ 30 bilh\u00f5es para ampliar a malha ferrovi\u00e1ria do pa\u00eds. Os recursos seriam obtidos por meio de concess\u00f5es. Informa\u00e7\u00f5es foram detalhadas pelo ministro Tarc\u00edsio Gomes de Freitas, que participou hoje do 1\u00ba F\u00f3rum de Desenvolvimento Sustent\u00e1vel da Costa Verde, realizado na Universidade Federal Rural do Rio de Janeiro (UFRRJ), na cidade de Serop\u00e9dica (RJ).<\/p>\n\n\n\n<p>&#8220;Vamos investir R$ 30 bilh\u00f5es em ferrovias nos pr\u00f3ximos 5 ou 6 anos&#8221;, disse. O primeiro contrato de concess\u00e3o foi assinado no ano passado e envolve a Ferrovia Norte-Sul, no trecho entre Porto Nacional (TO) e Estrela D&#8217;Oeste (SP). Para este ano, s\u00e3o previsas as concess\u00f5es da Ferrovia de Integra\u00e7\u00e3o Oeste-Leste, que ligar\u00e1 Ilh\u00e9us (BA) a Figueir\u00f3polis (TO), e a Ferrogr\u00e3o, projeto com origem em Cuiab\u00e1 (MT) e t\u00e9rmino em Santar\u00e9m (PA).<\/p>\n\n\n\n<p>O governo planeja ainda trabalhar por uma mudan\u00e7a legislativa que permita o regime de autoriza\u00e7\u00e3o. Trata-se de um modelo em que o investidor tem mais liberdade do que no regime de concess\u00e3o. &#8220;Hoje n\u00e3o \u00e9 poss\u00edvel n\u00f3s operarmos com autoriza\u00e7\u00e3o nas ferrovias. No setor portu\u00e1rio, n\u00f3s j\u00e1 fazemos isso. As autoriza\u00e7\u00f5es abrem uma nova porta. Vale para aquele investidor que quer tomar o risco de engenharia, para que possa empreender e ter a propriedade da ferrovia, ter o benef\u00edcio da perpetuidade, a liberdade para definir sua tarifa. Isso \u00e9 importante para quem assume risco de longo prazo e proporciona novos investimentos ferrovi\u00e1rios no Brasil&#8221;, disse Tarc\u00edsio.<\/p>\n\n\n\n<p>Segundo um estudo de 2018 da Funda\u00e7\u00e3o Dom Cabral, a malha rodovi\u00e1ria \u00e9 utilizada para o escoamento de 75% da produ\u00e7\u00e3o no pa\u00eds. As ferrovias respondem por 5,4%. Os impactos causados pela greve dos caminhoneiros de 2018 exp\u00f4s a depend\u00eancia do pa\u00eds do transporte rodovi\u00e1rio e gerou um debate p\u00fablico sobre a necessidade de se&nbsp;<a href=\"http:\/\/agenciabrasil.ebc.com.br\/economia\/noticia\/2018-08\/evento-discute-em-sao-paulo-expansao-da-malha-ferroviaria-brasileira\" target=\"_blank\" rel=\"noreferrer noopener\">ampliar a malha ferrovi\u00e1ria<\/a>&nbsp;.<\/p>\n\n\n\n<p>Tarc\u00edsio disse que o Minist\u00e9rio da Infraestrutura tem conversado com todos os setores em busca de melhorias coletivas. No caso dos caminhoneiros, ele destacou ter abarcado algumas demandas nos projetos de c<a href=\"http:\/\/agenciabrasil.ebc.com.br\/politica\/noticia\/2020-02\/rodovias-concedidas-terao-mais-alta-tecnologia-diz-ministro\" target=\"_blank\" rel=\"noreferrer noopener\">oncess\u00f5es de novas rodovias<\/a>&nbsp;como a Rodovia Presidente Dutra, conhecida popularmente como Via Dutra, que liga o Rio de Janeiro \u00e0 S\u00e3o Paulo.<\/p>\n\n\n\n<p>&#8220;Eu tenho 70 grupos de Whatsapp de caminhoneiros para voc\u00eas terem uma ideia. E eu costumo responder todas as quest\u00f5es. D\u00e1 um trabalho danado, mas \u00e9 importante porque isso muda um ponto de vista, \u00e0s vezes segura uma greve&#8221;, disse.<\/p>\n","protected":false},"excerpt":{"rendered":"<p>O Minist\u00e9rio de Infraestrutura prev\u00ea investimentos de R$ 30 bilh\u00f5es para ampliar a malha ferrovi\u00e1ria do pa\u00eds. Os recursos seriam obtidos por meio de concess\u00f5es.&hellip; <\/p>\n","protected":false},"author":1,"featured_media":88603,"comment_status":"closed","ping_status":"closed","sticky":false,"template":"","format":"standard","meta":{"sfsi_plus_gutenberg_text_before_share":"","sfsi_plus_gutenberg_show_text_before_share":"","sfsi_plus_gutenberg_icon_type":"","sfsi_plus_gutenberg_icon_alignemt":"","sfsi_plus_gutenburg_max_per_row":"","footnotes":""},"categories":[2],"tags":[],"class_list":["post-152029","post","type-post","status-publish","format-standard","has-post-thumbnail","hentry","category-geral"],"_links":{"self":[{"href":"https:\/\/www.caririemacao.com\/1\/wp-json\/wp\/v2\/posts\/152029","targetHints":{"allow":["GET"]}}],"collection":[{"href":"https:\/\/www.caririemacao.com\/1\/wp-json\/wp\/v2\/posts"}],"about":[{"href":"https:\/\/www.caririemacao.com\/1\/wp-json\/wp\/v2\/types\/post"}],"author":[{"embeddable":true,"href":"https:\/\/www.caririemacao.com\/1\/wp-json\/wp\/v2\/users\/1"}],"replies":[{"embeddable":true,"href":"https:\/\/www.caririemacao.com\/1\/wp-json\/wp\/v2\/comments?post=152029"}],"version-history":[{"count":1,"href":"https:\/\/www.caririemacao.com\/1\/wp-json\/wp\/v2\/posts\/152029\/revisions"}],"predecessor-version":[{"id":152030,"href":"https:\/\/www.caririemacao.com\/1\/wp-json\/wp\/v2\/posts\/152029\/revisions\/152030"}],"wp:featuredmedia":[{"embeddable":true,"href":"https:\/\/www.caririemacao.com\/1\/wp-json\/wp\/v2\/media\/88603"}],"wp:attachment":[{"href":"https:\/\/www.caririemacao.com\/1\/wp-json\/wp\/v2\/media?parent=152029"}],"wp:term":[{"taxonomy":"category","embeddable":true,"href":"https:\/\/www.caririemacao.com\/1\/wp-json\/wp\/v2\/categories?post=152029"},{"taxonomy":"post_tag","embeddable":true,"href":"https:\/\/www.caririemacao.com\/1\/wp-json\/wp\/v2\/tags?post=152029"}],"curies":[{"name":"wp","href":"https:\/\/api.w.org\/{rel}","templated":true}]}}