{"id":152033,"date":"2020-02-07T08:07:36","date_gmt":"2020-02-07T11:07:36","guid":{"rendered":"http:\/\/www.caririemacao.com\/1\/?p=152033"},"modified":"2020-02-07T08:07:37","modified_gmt":"2020-02-07T11:07:37","slug":"acordo-para-criacao-de-comissao-mista-da-reforma-tributaria-e-fechado","status":"publish","type":"post","link":"https:\/\/www.caririemacao.com\/1\/2020\/02\/07\/acordo-para-criacao-de-comissao-mista-da-reforma-tributaria-e-fechado\/","title":{"rendered":"Acordo para cria\u00e7\u00e3o de comiss\u00e3o mista da reforma tribut\u00e1ria \u00e9 fechado"},"content":{"rendered":"\n<p>A C\u00e2mara dos Deputados e o Senado chegaram a um acordo para criar a comiss\u00e3o mista especial para discutir a reforma tribut\u00e1ria, ap\u00f3s impasse envolvendo o n\u00famero de vaga para a participa\u00e7\u00e3o no colegiado. O acordo foi fechado em reuni\u00e3o entre os presidentes do Senado, Davi Alcolumbre (DEM-AP), e da C\u00e2mara dos Deputados, Rodrigo Maia (DEM-RJ), quando ficou acertado que o n\u00famero de deputados e senadores passar\u00e1 de 15 para 20 integrantes de cada Casa na comiss\u00e3o. Ainda n\u00e3o h\u00e1 defini\u00e7\u00e3o de uma data para se instalar o colegiado.<\/p>\n\n\n\n<p>&#8220;A comiss\u00e3o mista da reforma tribut\u00e1ria ser\u00e1 formada por 40 membros, 20 senadores e 20 deputados. A composi\u00e7\u00e3o do colegiado com n\u00famero igual de parlamentares das duas Casas foi definida em reuni\u00e3o, nesta manh\u00e3 (6), com o presidente da C\u00e2mara dos Deputados, Rodrigo Maia&#8221;, informou Alcolumbre por meio de sua conta no Twitter.<\/p>\n\n\n\n<p>A comiss\u00e3o estava prevista para ser instalada na ter\u00e7a-feira (4), um dia depois do in\u00edcio do ano legislativo. Entretanto, a falta de acordo entre os representantes da C\u00e2mara e do Senado atrasou o in\u00edcio dos trabalhos. Ontem (5),&nbsp;<a href=\"http:\/\/agenciabrasil.ebc.com.br\/politica\/noticia\/2020-02\/alcolumbre-comissao-mista-da-reforma-tributaria-esta-proxima\" target=\"_blank\" rel=\"noreferrer noopener\">Alcolumbre disse que um entendimento estava pr\u00f3ximo<\/a>&nbsp;de ser costurado e que a comiss\u00e3o poderia ser criada no m\u00e1ximo na pr\u00f3xima semana.<\/p>\n\n\n\n<p>Prioridade do governo no Congresso, em 2020, a discuss\u00e3o em torno de uma reforma tribut\u00e1ria ganhou for\u00e7a no ano passado&nbsp;<a href=\"http:\/\/agenciabrasil.ebc.com.br\/politica\/noticia\/2019-11\/reforma-da-previdencia-e-promulgada-pelo-congresso\" target=\"_blank\" rel=\"noreferrer noopener\">ap\u00f3s a aprova\u00e7\u00e3o da reforma da Previd\u00eancia<\/a>. Tanto a C\u00e2mara dos Deputados quanto&nbsp;o Senado t\u00eam propostas de emendas \u00e0 Constitui\u00e7\u00e3o sobre a reforma tribut\u00e1ria, a&nbsp;<a href=\"https:\/\/www.camara.leg.br\/proposicoesWeb\/prop_mostrarintegra;jsessionid=370EDC418F4A745FBFD32AA2A3C79D06.proposicoesWebExterno1?codteor=1728369&amp;filename=PEC+45\/2019\" target=\"_blank\" rel=\"noreferrer noopener\">PEC 45\/2019<\/a>&nbsp;e&nbsp;<a href=\"https:\/\/legis.senado.leg.br\/sdleg-getter\/documento?dm=7977850&amp;ts=1576781827960&amp;disposition=inline\" target=\"_blank\" rel=\"noreferrer noopener\">PEC 110\/2019<\/a>, respectivamente.<\/p>\n\n\n\n<p>Ambas prop\u00f5em a extin\u00e7\u00e3o de diversos tributos que incidem sobre bens e servi\u00e7os. Eles seriam substitu\u00eddos por imposto \u00fanico sobre valor agregado. Os textos ser\u00e3o discutidos agora na comiss\u00e3o mista especial.<\/p>\n\n\n\n<p>\u201cN\u00e3o h\u00e1 embara\u00e7o. A reuni\u00e3o no final do ano passado foi no sentido da concilia\u00e7\u00e3o. Naturalmente parte do texto do Senado e parte do texto da C\u00e2mara ser\u00e3o incorporados com as manifesta\u00e7\u00f5es do governo\u201d, disse Alcolumbre na quarta-feira.<\/p>\n","protected":false},"excerpt":{"rendered":"<p>A C\u00e2mara dos Deputados e o Senado chegaram a um acordo para criar a comiss\u00e3o mista especial para discutir a reforma tribut\u00e1ria, ap\u00f3s impasse envolvendo&hellip; <\/p>\n","protected":false},"author":1,"featured_media":152034,"comment_status":"closed","ping_status":"closed","sticky":false,"template":"","format":"standard","meta":{"sfsi_plus_gutenberg_text_before_share":"","sfsi_plus_gutenberg_show_text_before_share":"","sfsi_plus_gutenberg_icon_type":"","sfsi_plus_gutenberg_icon_alignemt":"","sfsi_plus_gutenburg_max_per_row":"","footnotes":""},"categories":[11],"tags":[],"class_list":["post-152033","post","type-post","status-publish","format-standard","has-post-thumbnail","hentry","category-politica"],"_links":{"self":[{"href":"https:\/\/www.caririemacao.com\/1\/wp-json\/wp\/v2\/posts\/152033","targetHints":{"allow":["GET"]}}],"collection":[{"href":"https:\/\/www.caririemacao.com\/1\/wp-json\/wp\/v2\/posts"}],"about":[{"href":"https:\/\/www.caririemacao.com\/1\/wp-json\/wp\/v2\/types\/post"}],"author":[{"embeddable":true,"href":"https:\/\/www.caririemacao.com\/1\/wp-json\/wp\/v2\/users\/1"}],"replies":[{"embeddable":true,"href":"https:\/\/www.caririemacao.com\/1\/wp-json\/wp\/v2\/comments?post=152033"}],"version-history":[{"count":1,"href":"https:\/\/www.caririemacao.com\/1\/wp-json\/wp\/v2\/posts\/152033\/revisions"}],"predecessor-version":[{"id":152035,"href":"https:\/\/www.caririemacao.com\/1\/wp-json\/wp\/v2\/posts\/152033\/revisions\/152035"}],"wp:featuredmedia":[{"embeddable":true,"href":"https:\/\/www.caririemacao.com\/1\/wp-json\/wp\/v2\/media\/152034"}],"wp:attachment":[{"href":"https:\/\/www.caririemacao.com\/1\/wp-json\/wp\/v2\/media?parent=152033"}],"wp:term":[{"taxonomy":"category","embeddable":true,"href":"https:\/\/www.caririemacao.com\/1\/wp-json\/wp\/v2\/categories?post=152033"},{"taxonomy":"post_tag","embeddable":true,"href":"https:\/\/www.caririemacao.com\/1\/wp-json\/wp\/v2\/tags?post=152033"}],"curies":[{"name":"wp","href":"https:\/\/api.w.org\/{rel}","templated":true}]}}