{"id":152039,"date":"2020-02-07T08:10:26","date_gmt":"2020-02-07T11:10:26","guid":{"rendered":"http:\/\/www.caririemacao.com\/1\/?p=152039"},"modified":"2020-02-07T08:10:29","modified_gmt":"2020-02-07T11:10:29","slug":"apenas-ministros-titulares-podem-utilizar-aviao-da-fab-diz-bolsonaro","status":"publish","type":"post","link":"https:\/\/www.caririemacao.com\/1\/2020\/02\/07\/apenas-ministros-titulares-podem-utilizar-aviao-da-fab-diz-bolsonaro\/","title":{"rendered":"Apenas ministros titulares podem utilizar avi\u00e3o da FAB, diz Bolsonaro"},"content":{"rendered":"\n<p>O presidente Jair Bolsonaro disse hoje (6) que apenas os ministros titulares do governo poder\u00e3o utilizar as aeronaves da For\u00e7a A\u00e9rea Brasileira (FAB). \u201cSuplente, ministro interino, n\u00e3o usa avi\u00e3o, a n\u00e3o ser que tenha uma coisa grav\u00edssima para resolver e, assim mesmo, vai ter que chegar no meu conhecimento\u201d, disse ao deixar o Pal\u00e1cio da Alvorada na manh\u00e3 desta quinta-feira.<\/p>\n\n\n\n<p>A decis\u00e3o veio depois que o ex-secret\u00e1rio executivo da Casa Civil, Vicente Santini, usou um avi\u00e3o da FAB para ir de Davos, na Su\u00ed\u00e7a, onde participou do F\u00f3rum Econ\u00f4mico Mundial, para Nova Delhi, durante visita de Bolsonaro \u00e0 \u00cdndia. Na ocasi\u00e3o, Santini substitu\u00eda o ministro da Casa Civil, Onyx Lorenzoni, no cargo. Ao retornar ao Brasil, o&nbsp;<a href=\"http:\/\/agenciabrasil.ebc.com.br\/politica\/noticia\/2020-01\/bolsonaro-cancela-readmissao-de-santini-e-transfere-ppi-para-economia\" target=\"_blank\" rel=\"noreferrer noopener\">presidente<\/a>&nbsp;exonerou o secret\u00e1rio.<\/p>\n\n\n\n<p>De acordo com o presidente, entretanto, n\u00e3o haver\u00e1 mudan\u00e7a nas normas que tratam do uso das aeronaves oficiais. \u201cVale a conscientiza\u00e7\u00e3o\u201d, disse ele, destacando que v\u00e1rias vezes a ministra da Agricultura, Tereza Cristina, e mesmo o ministro da Economia, Paulo Guedes, j\u00e1 viajaram em companhias a\u00e9reas comerciais para fora do pa\u00eds.<\/p>\n","protected":false},"excerpt":{"rendered":"<p>O presidente Jair Bolsonaro disse hoje (6) que apenas os ministros titulares do governo poder\u00e3o utilizar as aeronaves da For\u00e7a A\u00e9rea Brasileira (FAB). \u201cSuplente, ministro&hellip; <\/p>\n","protected":false},"author":1,"featured_media":152040,"comment_status":"closed","ping_status":"closed","sticky":false,"template":"","format":"standard","meta":{"sfsi_plus_gutenberg_text_before_share":"","sfsi_plus_gutenberg_show_text_before_share":"","sfsi_plus_gutenberg_icon_type":"","sfsi_plus_gutenberg_icon_alignemt":"","sfsi_plus_gutenburg_max_per_row":"","footnotes":""},"categories":[11],"tags":[],"class_list":["post-152039","post","type-post","status-publish","format-standard","has-post-thumbnail","hentry","category-politica"],"_links":{"self":[{"href":"https:\/\/www.caririemacao.com\/1\/wp-json\/wp\/v2\/posts\/152039","targetHints":{"allow":["GET"]}}],"collection":[{"href":"https:\/\/www.caririemacao.com\/1\/wp-json\/wp\/v2\/posts"}],"about":[{"href":"https:\/\/www.caririemacao.com\/1\/wp-json\/wp\/v2\/types\/post"}],"author":[{"embeddable":true,"href":"https:\/\/www.caririemacao.com\/1\/wp-json\/wp\/v2\/users\/1"}],"replies":[{"embeddable":true,"href":"https:\/\/www.caririemacao.com\/1\/wp-json\/wp\/v2\/comments?post=152039"}],"version-history":[{"count":1,"href":"https:\/\/www.caririemacao.com\/1\/wp-json\/wp\/v2\/posts\/152039\/revisions"}],"predecessor-version":[{"id":152041,"href":"https:\/\/www.caririemacao.com\/1\/wp-json\/wp\/v2\/posts\/152039\/revisions\/152041"}],"wp:featuredmedia":[{"embeddable":true,"href":"https:\/\/www.caririemacao.com\/1\/wp-json\/wp\/v2\/media\/152040"}],"wp:attachment":[{"href":"https:\/\/www.caririemacao.com\/1\/wp-json\/wp\/v2\/media?parent=152039"}],"wp:term":[{"taxonomy":"category","embeddable":true,"href":"https:\/\/www.caririemacao.com\/1\/wp-json\/wp\/v2\/categories?post=152039"},{"taxonomy":"post_tag","embeddable":true,"href":"https:\/\/www.caririemacao.com\/1\/wp-json\/wp\/v2\/tags?post=152039"}],"curies":[{"name":"wp","href":"https:\/\/api.w.org\/{rel}","templated":true}]}}