{"id":152048,"date":"2020-02-07T08:47:43","date_gmt":"2020-02-07T11:47:43","guid":{"rendered":"http:\/\/www.caririemacao.com\/1\/?p=152048"},"modified":"2020-02-07T08:47:44","modified_gmt":"2020-02-07T11:47:44","slug":"monteiro-homem-e-preso-pela-pm-com-mandado-de-prisao-em-aberto","status":"publish","type":"post","link":"https:\/\/www.caririemacao.com\/1\/2020\/02\/07\/monteiro-homem-e-preso-pela-pm-com-mandado-de-prisao-em-aberto\/","title":{"rendered":"MONTEIRO: homem \u00e9 preso pela PM com mandado de pris\u00e3o em aberto"},"content":{"rendered":"\n<p>Um homem foi preso na cidade de Monteiro, na noite de ontem (06), por volta das 21h18min, quando uma solicitante ligou para a central de opera\u00e7\u00f5es da Pol\u00edcia Militar (190). Para informar que seu filho estava tentando colocar fogo em sua casa, situada no Conjunto Mutir\u00e3o. <\/p>\n\n\n\n<p>Ap\u00f3s a liga\u00e7\u00e3o, uma guarni\u00e7\u00e3o de pol\u00edcia da For\u00e7a T\u00e1tica foi ao local e averiguou a den\u00fancia. O acusado havia tentado colocar fogo em v\u00e1rios objetos no quarto, o mesmo foi conduzido para a Delegacia de Pol\u00edcia Civil de Monteiro onde ao fazer uma busca de dados no sistema sobre sua ficha criminal, foi constatado que havia um mandado de pris\u00e3o em aberto em seu nome. <\/p>\n\n\n\n<p><em>ACUSADO<\/em><br> ANDERSON SANTANA DA SILVA<\/p>\n\n\n\n<p><em>MAJOR QOC SAMARONI<\/em><br>\nCMT 11\u00b0 BPM<\/p>\n\n\n\n<p><em>MAJOR QOC BRUNO<\/em><br>\nSUB CMT 11\u00b0 BPM<\/p>\n","protected":false},"excerpt":{"rendered":"<p>Um homem foi preso na cidade de Monteiro, na noite de ontem (06), por volta das 21h18min, quando uma solicitante ligou para a central de&hellip; <\/p>\n","protected":false},"author":2,"featured_media":83332,"comment_status":"closed","ping_status":"closed","sticky":false,"template":"","format":"standard","meta":{"sfsi_plus_gutenberg_text_before_share":"","sfsi_plus_gutenberg_show_text_before_share":"","sfsi_plus_gutenberg_icon_type":"","sfsi_plus_gutenberg_icon_alignemt":"","sfsi_plus_gutenburg_max_per_row":"","footnotes":""},"categories":[50,12],"tags":[],"class_list":["post-152048","post","type-post","status-publish","format-standard","has-post-thumbnail","hentry","category-destaque","category-policia"],"_links":{"self":[{"href":"https:\/\/www.caririemacao.com\/1\/wp-json\/wp\/v2\/posts\/152048","targetHints":{"allow":["GET"]}}],"collection":[{"href":"https:\/\/www.caririemacao.com\/1\/wp-json\/wp\/v2\/posts"}],"about":[{"href":"https:\/\/www.caririemacao.com\/1\/wp-json\/wp\/v2\/types\/post"}],"author":[{"embeddable":true,"href":"https:\/\/www.caririemacao.com\/1\/wp-json\/wp\/v2\/users\/2"}],"replies":[{"embeddable":true,"href":"https:\/\/www.caririemacao.com\/1\/wp-json\/wp\/v2\/comments?post=152048"}],"version-history":[{"count":2,"href":"https:\/\/www.caririemacao.com\/1\/wp-json\/wp\/v2\/posts\/152048\/revisions"}],"predecessor-version":[{"id":152050,"href":"https:\/\/www.caririemacao.com\/1\/wp-json\/wp\/v2\/posts\/152048\/revisions\/152050"}],"wp:featuredmedia":[{"embeddable":true,"href":"https:\/\/www.caririemacao.com\/1\/wp-json\/wp\/v2\/media\/83332"}],"wp:attachment":[{"href":"https:\/\/www.caririemacao.com\/1\/wp-json\/wp\/v2\/media?parent=152048"}],"wp:term":[{"taxonomy":"category","embeddable":true,"href":"https:\/\/www.caririemacao.com\/1\/wp-json\/wp\/v2\/categories?post=152048"},{"taxonomy":"post_tag","embeddable":true,"href":"https:\/\/www.caririemacao.com\/1\/wp-json\/wp\/v2\/tags?post=152048"}],"curies":[{"name":"wp","href":"https:\/\/api.w.org\/{rel}","templated":true}]}}