{"id":152051,"date":"2020-02-07T09:37:03","date_gmt":"2020-02-07T12:37:03","guid":{"rendered":"http:\/\/www.caririemacao.com\/1\/?p=152051"},"modified":"2020-02-07T09:44:46","modified_gmt":"2020-02-07T12:44:46","slug":"congo-tentativa-de-assalto-a-agencia-dos-correios","status":"publish","type":"post","link":"https:\/\/www.caririemacao.com\/1\/2020\/02\/07\/congo-tentativa-de-assalto-a-agencia-dos-correios\/","title":{"rendered":"Congo: Tentativa de assalto a Ag\u00eancia dos Correios"},"content":{"rendered":"\n<p>Uma tentativa de assalto ocorreu na manh\u00e3 desta sexta-feira (07), a ag\u00eancia dos correios na cidade do Congo. A informa\u00e7\u00e3o passada foi que a ag\u00eancia dos Correios no Congo havia sido invadida por 04 elementos em um fiat uno branco. <\/p>\n\n\n\n<p>Os assaltantes para adentrarem \u00e0 ag\u00eancia arrombaram a porta da frente for\u00e7ando a entrada, n\u00e3o houve explos\u00e3o durante a tentativa de assalto. Eles ainda tentaram arrombar o cofre utilizando uma m\u00e1quina com disco, mas n\u00e3o conseguiram. <\/p>\n\n\n\n<p>Os elementos durante a fuga subtra\u00edram outro fiat de cor prata e sa\u00edram sentido s\u00edtio retiro. A ocorr\u00eancia est\u00e1 ainda em andamento e pol\u00edcia militar continua fazendo buscas na regi\u00e3o.<\/p>\n","protected":false},"excerpt":{"rendered":"<p>Uma tentativa de assalto ocorreu na manh\u00e3 desta sexta-feira (07), a ag\u00eancia dos correios na cidade do Congo. A informa\u00e7\u00e3o passada foi que a ag\u00eancia&hellip; <\/p>\n","protected":false},"author":2,"featured_media":82836,"comment_status":"closed","ping_status":"closed","sticky":false,"template":"","format":"standard","meta":{"sfsi_plus_gutenberg_text_before_share":"","sfsi_plus_gutenberg_show_text_before_share":"","sfsi_plus_gutenberg_icon_type":"","sfsi_plus_gutenberg_icon_alignemt":"","sfsi_plus_gutenburg_max_per_row":"","footnotes":""},"categories":[6,50],"tags":[],"class_list":["post-152051","post","type-post","status-publish","format-standard","has-post-thumbnail","hentry","category-cidades","category-destaque"],"_links":{"self":[{"href":"https:\/\/www.caririemacao.com\/1\/wp-json\/wp\/v2\/posts\/152051","targetHints":{"allow":["GET"]}}],"collection":[{"href":"https:\/\/www.caririemacao.com\/1\/wp-json\/wp\/v2\/posts"}],"about":[{"href":"https:\/\/www.caririemacao.com\/1\/wp-json\/wp\/v2\/types\/post"}],"author":[{"embeddable":true,"href":"https:\/\/www.caririemacao.com\/1\/wp-json\/wp\/v2\/users\/2"}],"replies":[{"embeddable":true,"href":"https:\/\/www.caririemacao.com\/1\/wp-json\/wp\/v2\/comments?post=152051"}],"version-history":[{"count":2,"href":"https:\/\/www.caririemacao.com\/1\/wp-json\/wp\/v2\/posts\/152051\/revisions"}],"predecessor-version":[{"id":152055,"href":"https:\/\/www.caririemacao.com\/1\/wp-json\/wp\/v2\/posts\/152051\/revisions\/152055"}],"wp:featuredmedia":[{"embeddable":true,"href":"https:\/\/www.caririemacao.com\/1\/wp-json\/wp\/v2\/media\/82836"}],"wp:attachment":[{"href":"https:\/\/www.caririemacao.com\/1\/wp-json\/wp\/v2\/media?parent=152051"}],"wp:term":[{"taxonomy":"category","embeddable":true,"href":"https:\/\/www.caririemacao.com\/1\/wp-json\/wp\/v2\/categories?post=152051"},{"taxonomy":"post_tag","embeddable":true,"href":"https:\/\/www.caririemacao.com\/1\/wp-json\/wp\/v2\/tags?post=152051"}],"curies":[{"name":"wp","href":"https:\/\/api.w.org\/{rel}","templated":true}]}}