{"id":152057,"date":"2020-02-07T09:48:43","date_gmt":"2020-02-07T12:48:43","guid":{"rendered":"http:\/\/www.caririemacao.com\/1\/?p=152057"},"modified":"2020-02-07T09:48:44","modified_gmt":"2020-02-07T12:48:44","slug":"bloco-de-oposicao-ja-falta-na-1a-sessao-ordinaria-do-ano-em-monteiro","status":"publish","type":"post","link":"https:\/\/www.caririemacao.com\/1\/2020\/02\/07\/bloco-de-oposicao-ja-falta-na-1a-sessao-ordinaria-do-ano-em-monteiro\/","title":{"rendered":"Bloco de oposi\u00e7\u00e3o j\u00e1 falta na 1\u00aa sess\u00e3o ordin\u00e1ria do ano em Monteiro"},"content":{"rendered":"\n<p>Os vereadores que comp\u00f5em o bloco de oposi\u00e7\u00e3o de Monteiro, Lito de Dona Socorro que inclusive \u00e9 vice presidente da C\u00e2mara; Chuta, que \u00e9 o novo l\u00edder da oposi\u00e7\u00e3o depois de Cour\u00e3o ter sido escanteado; e o pr\u00f3prio Cour\u00e3o que obedece fielmente o que determina o comando do grupo, n\u00e3o compareceram \u00e0 primeira sess\u00e3o do ano.<\/p>\n\n\n\n<p><br>As informa\u00e7\u00f5es que chegam \u00e0 reda\u00e7\u00e3o do BLOG DO F\u00c1BIO BRITO, s\u00e3o de que a aus\u00eancia dos vereadores da oposi\u00e7\u00e3o se deu por conta da confirma\u00e7\u00e3o da presen\u00e7a da prefeita Anna Lorena na sess\u00e3o, para trazer a tradicional mensagem do executivo.<\/p>\n\n\n\n<p><br>A atitude de acordo com coment\u00e1rios, teria sido deliberada em consenso com os l\u00edderes maiores da oposi\u00e7\u00e3o em Monteiro, o cl\u00e3 Henrique.<\/p>\n","protected":false},"excerpt":{"rendered":"<p>Os vereadores que comp\u00f5em o bloco de oposi\u00e7\u00e3o de Monteiro, Lito de Dona Socorro que inclusive \u00e9 vice presidente da C\u00e2mara; Chuta, que \u00e9 o&hellip; <\/p>\n","protected":false},"author":1,"featured_media":152058,"comment_status":"closed","ping_status":"closed","sticky":false,"template":"","format":"standard","meta":{"sfsi_plus_gutenberg_text_before_share":"","sfsi_plus_gutenberg_show_text_before_share":"","sfsi_plus_gutenberg_icon_type":"","sfsi_plus_gutenberg_icon_alignemt":"","sfsi_plus_gutenburg_max_per_row":"","footnotes":""},"categories":[6],"tags":[],"class_list":["post-152057","post","type-post","status-publish","format-standard","has-post-thumbnail","hentry","category-cidades"],"_links":{"self":[{"href":"https:\/\/www.caririemacao.com\/1\/wp-json\/wp\/v2\/posts\/152057","targetHints":{"allow":["GET"]}}],"collection":[{"href":"https:\/\/www.caririemacao.com\/1\/wp-json\/wp\/v2\/posts"}],"about":[{"href":"https:\/\/www.caririemacao.com\/1\/wp-json\/wp\/v2\/types\/post"}],"author":[{"embeddable":true,"href":"https:\/\/www.caririemacao.com\/1\/wp-json\/wp\/v2\/users\/1"}],"replies":[{"embeddable":true,"href":"https:\/\/www.caririemacao.com\/1\/wp-json\/wp\/v2\/comments?post=152057"}],"version-history":[{"count":1,"href":"https:\/\/www.caririemacao.com\/1\/wp-json\/wp\/v2\/posts\/152057\/revisions"}],"predecessor-version":[{"id":152059,"href":"https:\/\/www.caririemacao.com\/1\/wp-json\/wp\/v2\/posts\/152057\/revisions\/152059"}],"wp:featuredmedia":[{"embeddable":true,"href":"https:\/\/www.caririemacao.com\/1\/wp-json\/wp\/v2\/media\/152058"}],"wp:attachment":[{"href":"https:\/\/www.caririemacao.com\/1\/wp-json\/wp\/v2\/media?parent=152057"}],"wp:term":[{"taxonomy":"category","embeddable":true,"href":"https:\/\/www.caririemacao.com\/1\/wp-json\/wp\/v2\/categories?post=152057"},{"taxonomy":"post_tag","embeddable":true,"href":"https:\/\/www.caririemacao.com\/1\/wp-json\/wp\/v2\/tags?post=152057"}],"curies":[{"name":"wp","href":"https:\/\/api.w.org\/{rel}","templated":true}]}}