{"id":152064,"date":"2020-02-07T09:51:38","date_gmt":"2020-02-07T12:51:38","guid":{"rendered":"http:\/\/www.caririemacao.com\/1\/?p=152064"},"modified":"2020-02-07T09:51:40","modified_gmt":"2020-02-07T12:51:40","slug":"camara-criminal-do-tjpb-mantem-pena-de-homem-que-agrediu-mulher-no-cariri","status":"publish","type":"post","link":"https:\/\/www.caririemacao.com\/1\/2020\/02\/07\/camara-criminal-do-tjpb-mantem-pena-de-homem-que-agrediu-mulher-no-cariri\/","title":{"rendered":"C\u00e2mara Criminal do TJPB mantem pena de homem que agrediu mulher no Cariri"},"content":{"rendered":"\n<p>Por unanimidade e em harmonia com o parecer ministerial, a C\u00e2mara Criminal do Tribunal de Justi\u00e7a da Para\u00edba manteve decis\u00e3o do Ju\u00edzo da Comarca de S\u00e3o Jo\u00e3o do Cariri (agregada recentemente \u00e0 Comarca de Serra Branca), que condenou R.G.M.R a uma pena de um ano e seis meses de deten\u00e7\u00e3o, em regime aberto, pela pr\u00e1tica do crime de viol\u00eancia dom\u00e9stica contra a sua companheira. O relator da Apela\u00e7\u00e3o Criminal n\u00ba 0000196-93.2018.815.0341 foi o desembargador Carlos Martins Beltr\u00e3o Filho. Cabe recurso.<\/p>\n\n\n\n<p>De acordo com os autos, o acusado foi denunciado por ter, no dia 27 de agosto de 2018, agredido sua companheira, produzindo nela as les\u00f5es de natureza leve descritas no Laudo de Constata\u00e7\u00e3o de Ferimentos ou Ofensa F\u00edsica, fato que teria sido motivado por ci\u00fames, uma vez que a v\u00edtima n\u00e3o entregou o celular ao apelante, que queria ver as mensagens de whatsapp.<\/p>\n\n\n\n<p>Irresignada com a senten\u00e7a, a defesa invocou o direito de recorrer em liberdade, al\u00e9m da absolvi\u00e7\u00e3o, ao argumento de que teria agido em leg\u00edtima defesa. Alternativamente, pediu a redu\u00e7\u00e3o da san\u00e7\u00e3o, para cumprir, apenas, a concess\u00e3o da suspens\u00e3o condicional da pena.<\/p>\n\n\n\n<p>Ao negar provimento ao recurso, o desembargador Carlos Beltr\u00e3o afirmou que a materialidade e a autoria delitiva se fazem comprovar pelo Laudo de Exame de Corpo de Delito, pelas declara\u00e7\u00f5es da v\u00edtima e pelos depoimentos de testemunhas, prestados na fase extrajudicial e confirmados em Ju\u00edzo.<\/p>\n\n\n\n<p>Quanto \u00e0 alega\u00e7\u00e3o de que o r\u00e9u seria inocente, pois teria agido em leg\u00edtima defesa, o relator ressaltou que o pedido n\u00e3o encontra amparo no processo. \u201cN\u00e3o h\u00e1 ind\u00edcio de que a v\u00edtima tenha oferecido algum risco \u00e0 incolumidade f\u00edsica do apelante, de tal porte que justificasse a agress\u00e3o sofrida pela v\u00edtima. Sendo assim, as vers\u00f5es do apelante n\u00e3o t\u00eam o cond\u00e3o de afastar a ilicitude da conduta\u201d, disse.<\/p>\n\n\n\n<p>Em rela\u00e7\u00e3o ao pedido alternativo de redu\u00e7\u00e3o da pena, o desembargador Carlos Beltr\u00e3o enfatizou que a san\u00e7\u00e3o foi estabelecida dentro dos limites legais e devidamente justificativa.<\/p>\n\n\n\n<p><em>Ascom TJPB<\/em><\/p>\n","protected":false},"excerpt":{"rendered":"<p>Por unanimidade e em harmonia com o parecer ministerial, a C\u00e2mara Criminal do Tribunal de Justi\u00e7a da Para\u00edba manteve decis\u00e3o do Ju\u00edzo da Comarca de&hellip; <\/p>\n","protected":false},"author":1,"featured_media":152066,"comment_status":"closed","ping_status":"closed","sticky":false,"template":"","format":"standard","meta":{"sfsi_plus_gutenberg_text_before_share":"","sfsi_plus_gutenberg_show_text_before_share":"","sfsi_plus_gutenberg_icon_type":"","sfsi_plus_gutenberg_icon_alignemt":"","sfsi_plus_gutenburg_max_per_row":"","footnotes":""},"categories":[2],"tags":[],"class_list":["post-152064","post","type-post","status-publish","format-standard","has-post-thumbnail","hentry","category-geral"],"_links":{"self":[{"href":"https:\/\/www.caririemacao.com\/1\/wp-json\/wp\/v2\/posts\/152064","targetHints":{"allow":["GET"]}}],"collection":[{"href":"https:\/\/www.caririemacao.com\/1\/wp-json\/wp\/v2\/posts"}],"about":[{"href":"https:\/\/www.caririemacao.com\/1\/wp-json\/wp\/v2\/types\/post"}],"author":[{"embeddable":true,"href":"https:\/\/www.caririemacao.com\/1\/wp-json\/wp\/v2\/users\/1"}],"replies":[{"embeddable":true,"href":"https:\/\/www.caririemacao.com\/1\/wp-json\/wp\/v2\/comments?post=152064"}],"version-history":[{"count":1,"href":"https:\/\/www.caririemacao.com\/1\/wp-json\/wp\/v2\/posts\/152064\/revisions"}],"predecessor-version":[{"id":152067,"href":"https:\/\/www.caririemacao.com\/1\/wp-json\/wp\/v2\/posts\/152064\/revisions\/152067"}],"wp:featuredmedia":[{"embeddable":true,"href":"https:\/\/www.caririemacao.com\/1\/wp-json\/wp\/v2\/media\/152066"}],"wp:attachment":[{"href":"https:\/\/www.caririemacao.com\/1\/wp-json\/wp\/v2\/media?parent=152064"}],"wp:term":[{"taxonomy":"category","embeddable":true,"href":"https:\/\/www.caririemacao.com\/1\/wp-json\/wp\/v2\/categories?post=152064"},{"taxonomy":"post_tag","embeddable":true,"href":"https:\/\/www.caririemacao.com\/1\/wp-json\/wp\/v2\/tags?post=152064"}],"curies":[{"name":"wp","href":"https:\/\/api.w.org\/{rel}","templated":true}]}}