{"id":152069,"date":"2020-02-07T10:04:15","date_gmt":"2020-02-07T13:04:15","guid":{"rendered":"http:\/\/www.caririemacao.com\/1\/?p=152069"},"modified":"2020-02-07T10:04:17","modified_gmt":"2020-02-07T13:04:17","slug":"inmet-emite-alerta-de-chuvas-intensas-para-98-cidades-da-pb-tres-sao-na-regiao-do-cariri","status":"publish","type":"post","link":"https:\/\/www.caririemacao.com\/1\/2020\/02\/07\/inmet-emite-alerta-de-chuvas-intensas-para-98-cidades-da-pb-tres-sao-na-regiao-do-cariri\/","title":{"rendered":"Inmet emite alerta de chuvas intensas para 98 cidades da PB; tr\u00eas s\u00e3o na regi\u00e3o do Cariri"},"content":{"rendered":"\n<p>Um alerta amarelo de perigo potencial de chuvas intensas foi emitido pelo Instituto Nacional de Meteorologia (Inmet) para 98 cidades da Para\u00edba. O aviso foi emitido \u00e0s 10h desta quinta-feira (6) e segue at\u00e9 as 10h de sexta-feira (7).<\/p>\n\n\n\n<p>Na regi\u00e3o do Cariri, as cidades de Assun\u00e7\u00e3o, Livramento e Tapero\u00e1 foram listadas no novo alerta emito pelo Inmet.<\/p>\n\n\n\n<p>Conforme o alerta, deve chover entre 20 e 30 mil\u00edmetros por hora, ou at\u00e9 50 mil\u00edmetros por dia nas cidades listadas. Os ventos devem ser intensos, de 40 a 60 quil\u00f4metros por hora. H\u00e1 baixo risco de corte de energia el\u00e9trica, de queda de galhos de \u00e1rvores, de alagamentos e descargas el\u00e9tricas.<\/p>\n\n\n\n<p>O Inmet orienta os moradores das cidades que em caso de rajadas de vento, evitem se abrigar embaixo de \u00e1rvores. Ve\u00edculos tamb\u00e9m n\u00e3o devem ser estacionados pr\u00f3ximos a torres de transmiss\u00e3o e placas de propaganda. A popula\u00e7\u00e3o deve evitar utilizar aparelhos eletr\u00f4nicos ligados \u00e0 tomada.<\/p>\n\n\n\n<p>Em caso de problemas, o \u00f3rg\u00e3o orienta que as pessoas entrem em contato com a Defesa Civil, por meio do n\u00famero 199, e com o Corpo de Bombeiros, por meio do n\u00famero 193.<\/p>\n\n\n\n<h2 class=\"wp-block-heading\"><strong>Cidades da Para\u00edba sob perigo potencial de chuvas intensas<\/strong><\/h2>\n\n\n\n<ol class=\"wp-block-list\"><li>\u00c1gua Branca<\/li><li>Aguiar<\/li><li>Aparecida<\/li><li>Areia De Bara\u00fanas<\/li><li><strong>Assun\u00e7\u00e3o<\/strong><\/li><li>Bel\u00e9m Do Brejo Do Cruz<\/li><li>Bernardino Batista<\/li><li>Boa Ventura<\/li><li>Bom Jesus<\/li><li>Bom Sucesso<\/li><li>Bonito De Santa F\u00e9<\/li><li>Brejo Do Cruz<\/li><li>Brejo Dos Santos<\/li><li>Cachoeira Dos \u00cdndios<\/li><li>Cacimba De Areia<\/li><li>Cacimbas<\/li><li>Cajazeiras<\/li><li>Cajazeirinhas<\/li><li>Carrapateira<\/li><li>Catingueira<\/li><li>Catol\u00e9 Do Rocha<\/li><li>Concei\u00e7\u00e3o<\/li><li>Condado<\/li><li>Coremas<\/li><li>Curral Velho<\/li><li>Desterro<\/li><li>Diamante<\/li><li>Emas<\/li><li>Frei Martinho<\/li><li>Ibiara<\/li><li>Igaracy<\/li><li>Imaculada<\/li><li>Itaporanga<\/li><li>Jeric\u00f3<\/li><li>Joca Claudino<\/li><li>Junco Do Serid\u00f3<\/li><li>Juru<\/li><li>Lagoa<\/li><li>Lastro<\/li><li><strong>Livramento<\/strong><\/li><li>Malta<\/li><li>Mana\u00edra<\/li><li>Mariz\u00f3polis<\/li><li>Mato Grosso<\/li><li>Matur\u00e9ia<\/li><li>Monte Horebe<\/li><li>M\u00e3e D\u2019\u00c1gua<\/li><li>Nazarezinho<\/li><li>Nova Olinda<\/li><li>Nova Palmeira<\/li><li>Olho D\u2019\u00c1gua<\/li><li>Passagem<\/li><li>Patos<\/li><li>Paulista<\/li><li>Pedra Branca<\/li><li>Pedra Lavrada<\/li><li>Pianc\u00f3<\/li><li>Picu\u00ed<\/li><li>Pombal<\/li><li>Po\u00e7o Dantas<\/li><li>Po\u00e7o De Jos\u00e9 De Moura<\/li><li>Princesa Isabel<\/li><li>Quixab\u00e1<\/li><li>Riacho Dos Cavalos<\/li><li>Salgadinho<\/li><li>Santa Cruz<\/li><li>Santa Helena<\/li><li>Santa In\u00eas<\/li><li>Santa Luzia<\/li><li>Santa Teresinha<\/li><li>Santana De Mangueira<\/li><li>Santana Dos Garrotes<\/li><li>Serra Grande<\/li><li>Sousa<\/li><li>S\u00e3o Bentinho<\/li><li>S\u00e3o Bento<\/li><li>S\u00e3o Domingos<\/li><li>S\u00e3o Francisco<\/li><li>S\u00e3o Jos\u00e9 Da Lagoa Tapada<\/li><li>S\u00e3o Jos\u00e9 De Caiana<\/li><li>S\u00e3o Jos\u00e9 De Espinharas<\/li><li>S\u00e3o Jos\u00e9 De Piranhas<\/li><li>S\u00e3o Jos\u00e9 De Princesa<\/li><li>S\u00e3o Jos\u00e9 Do Bonfim<\/li><li>S\u00e3o Jos\u00e9 Do Brejo Do Cruz<\/li><li>S\u00e3o Jos\u00e9 Do Sabugi<\/li><li>S\u00e3o Jo\u00e3o Do Rio Do Peixe<\/li><li>S\u00e3o Mamede<\/li><li>S\u00e3o Vicente Do Serid\u00f3<\/li><li><strong>Tapero\u00e1<\/strong><\/li><li>Tavares<\/li><li>Teixeira<\/li><li>Ten\u00f3rio<\/li><li>Triunfo<\/li><li>Uira\u00fana<\/li><li>Vieir\u00f3polis<\/li><li>Vista Serrana<\/li><li>V\u00e1rzea<\/li><\/ol>\n\n\n\n<p><em>G1 PB<\/em><\/p>\n","protected":false},"excerpt":{"rendered":"<p>Um alerta amarelo de perigo potencial de chuvas intensas foi emitido pelo Instituto Nacional de Meteorologia (Inmet) para 98 cidades da Para\u00edba. O aviso foi&hellip; <\/p>\n","protected":false},"author":1,"featured_media":83790,"comment_status":"closed","ping_status":"closed","sticky":false,"template":"","format":"standard","meta":{"sfsi_plus_gutenberg_text_before_share":"","sfsi_plus_gutenberg_show_text_before_share":"","sfsi_plus_gutenberg_icon_type":"","sfsi_plus_gutenberg_icon_alignemt":"","sfsi_plus_gutenburg_max_per_row":"","footnotes":""},"categories":[50,2],"tags":[],"class_list":["post-152069","post","type-post","status-publish","format-standard","has-post-thumbnail","hentry","category-destaque","category-geral"],"_links":{"self":[{"href":"https:\/\/www.caririemacao.com\/1\/wp-json\/wp\/v2\/posts\/152069","targetHints":{"allow":["GET"]}}],"collection":[{"href":"https:\/\/www.caririemacao.com\/1\/wp-json\/wp\/v2\/posts"}],"about":[{"href":"https:\/\/www.caririemacao.com\/1\/wp-json\/wp\/v2\/types\/post"}],"author":[{"embeddable":true,"href":"https:\/\/www.caririemacao.com\/1\/wp-json\/wp\/v2\/users\/1"}],"replies":[{"embeddable":true,"href":"https:\/\/www.caririemacao.com\/1\/wp-json\/wp\/v2\/comments?post=152069"}],"version-history":[{"count":1,"href":"https:\/\/www.caririemacao.com\/1\/wp-json\/wp\/v2\/posts\/152069\/revisions"}],"predecessor-version":[{"id":152070,"href":"https:\/\/www.caririemacao.com\/1\/wp-json\/wp\/v2\/posts\/152069\/revisions\/152070"}],"wp:featuredmedia":[{"embeddable":true,"href":"https:\/\/www.caririemacao.com\/1\/wp-json\/wp\/v2\/media\/83790"}],"wp:attachment":[{"href":"https:\/\/www.caririemacao.com\/1\/wp-json\/wp\/v2\/media?parent=152069"}],"wp:term":[{"taxonomy":"category","embeddable":true,"href":"https:\/\/www.caririemacao.com\/1\/wp-json\/wp\/v2\/categories?post=152069"},{"taxonomy":"post_tag","embeddable":true,"href":"https:\/\/www.caririemacao.com\/1\/wp-json\/wp\/v2\/tags?post=152069"}],"curies":[{"name":"wp","href":"https:\/\/api.w.org\/{rel}","templated":true}]}}