{"id":152073,"date":"2020-02-07T10:07:18","date_gmt":"2020-02-07T13:07:18","guid":{"rendered":"http:\/\/www.caririemacao.com\/1\/?p=152073"},"modified":"2020-02-07T10:07:22","modified_gmt":"2020-02-07T13:07:22","slug":"homem-e-preso-apos-tentar-incendiar-a-propria-casa-na-cidade-de-monteiro","status":"publish","type":"post","link":"https:\/\/www.caririemacao.com\/1\/2020\/02\/07\/homem-e-preso-apos-tentar-incendiar-a-propria-casa-na-cidade-de-monteiro\/","title":{"rendered":"Homem \u00e9 preso ap\u00f3s tentar incendiar a pr\u00f3pria casa na cidade de Monteiro"},"content":{"rendered":"\n<p>Um homem foi preso em flagrante nesta quinta-feira (06), ap\u00f3s tentar colocar fogo em casa no munic\u00edpio de Monteiro, no Cariri Paraibano.<\/p>\n\n\n\n<p>De acordo com informa\u00e7\u00f5es, por volta das 21h18min, a m\u00e3e do acusado ligou para a central de opera\u00e7\u00f5es da Pol\u00edcia Militar (190), informando que seu filho estava tentando colocar fogo em sua casa, situada no bairro do Conjunto Mutir\u00e3o.<\/p>\n\n\n\n<p>De imediato uma guarni\u00e7\u00e3o da For\u00e7a T\u00e1tica foi ao local e averiguou a den\u00fancia.&nbsp;O acusado havia tentado colocar fogo em v\u00e1rios objetos no quarto.<\/p>\n\n\n\n<p>O homem foi conduzido para a Delegacia de Pol\u00edcia Civil de Monteiro onde ao fazer uma busca de dados no sistema sobre sua ficha criminal, foi constatado que havia um mandado de pris\u00e3o em aberto em seu desfavor.<\/p>\n","protected":false},"excerpt":{"rendered":"<p>Um homem foi preso em flagrante nesta quinta-feira (06), ap\u00f3s tentar colocar fogo em casa no munic\u00edpio de Monteiro, no Cariri Paraibano. De acordo com&hellip; <\/p>\n","protected":false},"author":1,"featured_media":82836,"comment_status":"closed","ping_status":"closed","sticky":false,"template":"","format":"standard","meta":{"sfsi_plus_gutenberg_text_before_share":"","sfsi_plus_gutenberg_show_text_before_share":"","sfsi_plus_gutenberg_icon_type":"","sfsi_plus_gutenberg_icon_alignemt":"","sfsi_plus_gutenburg_max_per_row":"","footnotes":""},"categories":[12],"tags":[],"class_list":["post-152073","post","type-post","status-publish","format-standard","has-post-thumbnail","hentry","category-policia"],"_links":{"self":[{"href":"https:\/\/www.caririemacao.com\/1\/wp-json\/wp\/v2\/posts\/152073","targetHints":{"allow":["GET"]}}],"collection":[{"href":"https:\/\/www.caririemacao.com\/1\/wp-json\/wp\/v2\/posts"}],"about":[{"href":"https:\/\/www.caririemacao.com\/1\/wp-json\/wp\/v2\/types\/post"}],"author":[{"embeddable":true,"href":"https:\/\/www.caririemacao.com\/1\/wp-json\/wp\/v2\/users\/1"}],"replies":[{"embeddable":true,"href":"https:\/\/www.caririemacao.com\/1\/wp-json\/wp\/v2\/comments?post=152073"}],"version-history":[{"count":1,"href":"https:\/\/www.caririemacao.com\/1\/wp-json\/wp\/v2\/posts\/152073\/revisions"}],"predecessor-version":[{"id":152075,"href":"https:\/\/www.caririemacao.com\/1\/wp-json\/wp\/v2\/posts\/152073\/revisions\/152075"}],"wp:featuredmedia":[{"embeddable":true,"href":"https:\/\/www.caririemacao.com\/1\/wp-json\/wp\/v2\/media\/82836"}],"wp:attachment":[{"href":"https:\/\/www.caririemacao.com\/1\/wp-json\/wp\/v2\/media?parent=152073"}],"wp:term":[{"taxonomy":"category","embeddable":true,"href":"https:\/\/www.caririemacao.com\/1\/wp-json\/wp\/v2\/categories?post=152073"},{"taxonomy":"post_tag","embeddable":true,"href":"https:\/\/www.caririemacao.com\/1\/wp-json\/wp\/v2\/tags?post=152073"}],"curies":[{"name":"wp","href":"https:\/\/api.w.org\/{rel}","templated":true}]}}