{"id":152074,"date":"2020-02-07T10:14:43","date_gmt":"2020-02-07T13:14:43","guid":{"rendered":"http:\/\/www.caririemacao.com\/1\/?p=152074"},"modified":"2020-02-07T10:14:44","modified_gmt":"2020-02-07T13:14:44","slug":"reforma-tributaria-e-vista-como-a-mais-importante-para-2020-pelo-senador-jose-maranhao","status":"publish","type":"post","link":"https:\/\/www.caririemacao.com\/1\/2020\/02\/07\/reforma-tributaria-e-vista-como-a-mais-importante-para-2020-pelo-senador-jose-maranhao\/","title":{"rendered":"Reforma Tribut\u00e1ria \u00e9 vista como a mais importante para 2020, pelo Senador Jos\u00e9 Maranh\u00e3o"},"content":{"rendered":"\n<p>O senador Jos\u00e9 Maranh\u00e3o disse que v\u00ea com otimismo a possibilidade de conclus\u00e3o em 2020 do que considera a mais importante de todas as reformas: a tribut\u00e1ria. Na opini\u00e3o do senador, este pode ser um ano muito proveitoso para o Senado da Rep\u00fablica, e consequentemente para a na\u00e7\u00e3o brasileira, com a oportunidade que se abre de alterar todo o sistema de cobran\u00e7a de impostos e contribui\u00e7\u00f5es no Brasil.  <br> Jos\u00e9 Maranh\u00e3o afirma que o atual sistema tribut\u00e1rio dificulta o crescimento da economia na medida em que afugenta pessoas vocacionadas para a atividade privada e com bons projetos que, por falta de apoio numa legisla\u00e7\u00e3o clara, v\u00e3o para a informalidade &#8211;  um grande mal para a economia do pa\u00eds. \u00a8O sistema tribut\u00e1rio brasileiro na realidade \u00e9 um sistema anacr\u00f4nico, que penaliza as pessoas que trabalham e que produzem. Muitas vezes pessoas vocacionadas para o empreendedorismo resvalam para a informalidade. Essa situa\u00e7\u00e3o que resulta de um sistema tribut\u00e1rio confuso, complexo e que forma um verdadeiro cipoal para a atividade produtiva \u00e9 grande respons\u00e1vel pelo atraso econ\u00f4mico do nosso pa\u00eds\u201d, ressalta. <br>O senador cita ainda como importante meta para 2020 a conclus\u00e3o da reforma administrativa.  Ele considera o sistema administrativo brasileiro confuso em todos os sentidos. \u201c\u00c9 preciso criar um estatuto administrativo que n\u00e3o somente fixe os direitos e responsabilidades dos servidores p\u00fablicos, mas tamb\u00e9m dos cidad\u00e3os que precisam dos servi\u00e7os.  O v\u00edcio da propina muitas vezes domina um processo administrativo exatamente por falta de clareza na administra\u00e7\u00e3o, de responsabilidade daqueles que precisam do servi\u00e7o p\u00fablico para desenvolver suas atividades e tamb\u00e9m dos pr\u00f3prios servidores. A legisla\u00e7\u00e3o que rege o setor administrativo ainda \u00e9 uma legisla\u00e7\u00e3o incoerente e muitas vezes o caminho para a pr\u00e1tica de atos il\u00edcitos, que levam \u00e0 corrup\u00e7\u00e3o e ao preju\u00edzo geral para todo o Brasil\u201d, afirmou.<br> Uma comiss\u00e3o mista foi criada no Congresso para unificar as propostas de reforma tribut\u00e1ria do Senado e da C\u00e2mara dos Deputados em um \u00fanico projeto. Ainda n\u00e3o h\u00e1 data para a instala\u00e7\u00e3o da comiss\u00e3o, que ser\u00e1 composta por 40 parlamentares e poder\u00e1 trabalhar por at\u00e9 60 dias. Depois, a proposta produzida vai tramitar normalmente nas duas casas legislativas.<\/p>\n","protected":false},"excerpt":{"rendered":"<p>O senador Jos\u00e9 Maranh\u00e3o disse que v\u00ea com otimismo a possibilidade de conclus\u00e3o em 2020 do que considera a mais importante de todas as reformas:&hellip; <\/p>\n","protected":false},"author":2,"featured_media":152084,"comment_status":"closed","ping_status":"closed","sticky":false,"template":"","format":"standard","meta":{"sfsi_plus_gutenberg_text_before_share":"","sfsi_plus_gutenberg_show_text_before_share":"","sfsi_plus_gutenberg_icon_type":"","sfsi_plus_gutenberg_icon_alignemt":"","sfsi_plus_gutenburg_max_per_row":"","footnotes":""},"categories":[50,11],"tags":[],"class_list":["post-152074","post","type-post","status-publish","format-standard","has-post-thumbnail","hentry","category-destaque","category-politica"],"_links":{"self":[{"href":"https:\/\/www.caririemacao.com\/1\/wp-json\/wp\/v2\/posts\/152074","targetHints":{"allow":["GET"]}}],"collection":[{"href":"https:\/\/www.caririemacao.com\/1\/wp-json\/wp\/v2\/posts"}],"about":[{"href":"https:\/\/www.caririemacao.com\/1\/wp-json\/wp\/v2\/types\/post"}],"author":[{"embeddable":true,"href":"https:\/\/www.caririemacao.com\/1\/wp-json\/wp\/v2\/users\/2"}],"replies":[{"embeddable":true,"href":"https:\/\/www.caririemacao.com\/1\/wp-json\/wp\/v2\/comments?post=152074"}],"version-history":[{"count":1,"href":"https:\/\/www.caririemacao.com\/1\/wp-json\/wp\/v2\/posts\/152074\/revisions"}],"predecessor-version":[{"id":152085,"href":"https:\/\/www.caririemacao.com\/1\/wp-json\/wp\/v2\/posts\/152074\/revisions\/152085"}],"wp:featuredmedia":[{"embeddable":true,"href":"https:\/\/www.caririemacao.com\/1\/wp-json\/wp\/v2\/media\/152084"}],"wp:attachment":[{"href":"https:\/\/www.caririemacao.com\/1\/wp-json\/wp\/v2\/media?parent=152074"}],"wp:term":[{"taxonomy":"category","embeddable":true,"href":"https:\/\/www.caririemacao.com\/1\/wp-json\/wp\/v2\/categories?post=152074"},{"taxonomy":"post_tag","embeddable":true,"href":"https:\/\/www.caririemacao.com\/1\/wp-json\/wp\/v2\/tags?post=152074"}],"curies":[{"name":"wp","href":"https:\/\/api.w.org\/{rel}","templated":true}]}}