{"id":152077,"date":"2020-02-07T10:09:51","date_gmt":"2020-02-07T13:09:51","guid":{"rendered":"http:\/\/www.caririemacao.com\/1\/?p=152077"},"modified":"2020-02-07T10:09:52","modified_gmt":"2020-02-07T13:09:52","slug":"mais-um-prefeito-do-cariri-anuncia-filiacao-ao-partido-de-joao-azevedo","status":"publish","type":"post","link":"https:\/\/www.caririemacao.com\/1\/2020\/02\/07\/mais-um-prefeito-do-cariri-anuncia-filiacao-ao-partido-de-joao-azevedo\/","title":{"rendered":"Mais um prefeito do Cariri anuncia filia\u00e7\u00e3o ao partido de Jo\u00e3o Azev\u00eado"},"content":{"rendered":"\n<p>Mais dois prefeitos confirmaram, nesta quinta-feira (6), a filia\u00e7\u00e3o ao Partido Cidadania, sendo um deles Jos\u00e9 Silvano, da cidade de Cara\u00fabas, no Cariri. Ao todo, j\u00e1 s\u00e3o 24 prefeitos eleitos em 2016, que anunciam o ingresso na nova legenda do governador do Estado, Jo\u00e3o Azev\u00eado.<\/p>\n\n\n\n<p>Al\u00e9 do prefeito de Cara\u00fabas, o de Tavares, Ailton Nixon Suassuna (MDB), estiveram reunidos ontem com o presidente do Cidadania, Ronaldo Guerra, chefe de Gabinete do Governo do Estado, e confirmaram o ingresso no novo partido.<\/p>\n\n\n\n<p>Ronaldo Guerra informou que muitas lideran\u00e7as t\u00eam procurado a dire\u00e7\u00e3o estadual para seguir o governador no novo partido e em breve deve ser marcada uma solenidade de filia\u00e7\u00e3o coletiva com a presen\u00e7a do presidente nacional do Cidadania, Roberto Freire.<\/p>\n","protected":false},"excerpt":{"rendered":"<p>Mais dois prefeitos confirmaram, nesta quinta-feira (6), a filia\u00e7\u00e3o ao Partido Cidadania, sendo um deles Jos\u00e9 Silvano, da cidade de Cara\u00fabas, no Cariri. Ao todo,&hellip; <\/p>\n","protected":false},"author":1,"featured_media":152079,"comment_status":"closed","ping_status":"closed","sticky":false,"template":"","format":"standard","meta":{"sfsi_plus_gutenberg_text_before_share":"","sfsi_plus_gutenberg_show_text_before_share":"","sfsi_plus_gutenberg_icon_type":"","sfsi_plus_gutenberg_icon_alignemt":"","sfsi_plus_gutenburg_max_per_row":"","footnotes":""},"categories":[2],"tags":[],"class_list":["post-152077","post","type-post","status-publish","format-standard","has-post-thumbnail","hentry","category-geral"],"_links":{"self":[{"href":"https:\/\/www.caririemacao.com\/1\/wp-json\/wp\/v2\/posts\/152077","targetHints":{"allow":["GET"]}}],"collection":[{"href":"https:\/\/www.caririemacao.com\/1\/wp-json\/wp\/v2\/posts"}],"about":[{"href":"https:\/\/www.caririemacao.com\/1\/wp-json\/wp\/v2\/types\/post"}],"author":[{"embeddable":true,"href":"https:\/\/www.caririemacao.com\/1\/wp-json\/wp\/v2\/users\/1"}],"replies":[{"embeddable":true,"href":"https:\/\/www.caririemacao.com\/1\/wp-json\/wp\/v2\/comments?post=152077"}],"version-history":[{"count":1,"href":"https:\/\/www.caririemacao.com\/1\/wp-json\/wp\/v2\/posts\/152077\/revisions"}],"predecessor-version":[{"id":152080,"href":"https:\/\/www.caririemacao.com\/1\/wp-json\/wp\/v2\/posts\/152077\/revisions\/152080"}],"wp:featuredmedia":[{"embeddable":true,"href":"https:\/\/www.caririemacao.com\/1\/wp-json\/wp\/v2\/media\/152079"}],"wp:attachment":[{"href":"https:\/\/www.caririemacao.com\/1\/wp-json\/wp\/v2\/media?parent=152077"}],"wp:term":[{"taxonomy":"category","embeddable":true,"href":"https:\/\/www.caririemacao.com\/1\/wp-json\/wp\/v2\/categories?post=152077"},{"taxonomy":"post_tag","embeddable":true,"href":"https:\/\/www.caririemacao.com\/1\/wp-json\/wp\/v2\/tags?post=152077"}],"curies":[{"name":"wp","href":"https:\/\/api.w.org\/{rel}","templated":true}]}}