{"id":152083,"date":"2020-02-07T10:42:10","date_gmt":"2020-02-07T13:42:10","guid":{"rendered":"http:\/\/www.caririemacao.com\/1\/?p=152083"},"modified":"2020-02-07T10:42:12","modified_gmt":"2020-02-07T13:42:12","slug":"gleisi-sai-em-defesa-de-ricardo-e-sinaliza-rompimento-do-pt-com-joao","status":"publish","type":"post","link":"https:\/\/www.caririemacao.com\/1\/2020\/02\/07\/gleisi-sai-em-defesa-de-ricardo-e-sinaliza-rompimento-do-pt-com-joao\/","title":{"rendered":"Gleisi sai em defesa de Ricardo e sinaliza rompimento do PT com Jo\u00e3o"},"content":{"rendered":"\n<p>A presidente nacional do PT, Gleisi Hoffmann, deu sinais, nesta quinta-feira (6), que o partido deve romper com o governador Jo\u00e3o Azev\u00eado, rec\u00e9m-filiado ao Cidadania.<\/p>\n\n\n\n<p>Em mensagem \u00e0 executiva na Para\u00edba, a dirigente pede que a reuni\u00e3o extraordin\u00e1ria do partido, marcada para esta sexta-feira (7), a fim de discutir a perman\u00eancia na base do governo, seja adiada.<\/p>\n\n\n\n<p>-N\u00e3o \u00e9 uma quest\u00e3o de cargo ou de posi\u00e7\u00e3o como querem fazer crer alguns dos nossos advers\u00e1rios ou m\u00eddia. Tem de que ser um debate mais aprofundado, que deve dialogar com o projeto nacional do partido e nossa estrat\u00e9gia para recuperar o Brasil para m\u00e3o do povo. Em nome da dire\u00e7\u00e3o nacional, pe\u00e7o ao companheiro Jackson, que suspenda a reuni\u00e3o de sexta-feira para que tenhamos tempo de sentar e conversar-, disse.<\/p>\n\n\n\n<p>Na mensagem, Gleisi presta solidariedade ao ex-governador Ricardo Coutinho (PSB), denunciado pela Opera\u00e7\u00e3o Calv\u00e1rio por desvios de recursos p\u00fablicos na Sa\u00fade e Educa\u00e7\u00e3o do estado. Ela ressalta a alian\u00e7a com o PSB no \u00e2mbito nacional, constru\u00edda a partir da rela\u00e7\u00e3o com Coutinho.<\/p>\n\n\n\n<p>-O PT trabalhou e construiu uma alian\u00e7a preferencial com o PSB na Para\u00edba, o que nos ajudou na aproxima\u00e7\u00e3o com este partido em \u00e2mbito nacional. Isso foi muito importante para elei\u00e7\u00e3o de 2018 e para candidatura do companheiro Haddad, que embora n\u00e3o tenha ganho, foi para o segundo turno. O ex-governador Ricardo Coutinho foi um grande companheiro dos nossos governos, implantando projetos revelantes que mudaram a vida do povo no estado, com a participa\u00e7\u00e3o do PT e sempre esteve ao lado do PT nos momentos mais dif\u00edceis das nossas lutas: quando deram o golpe contra a Dilma, na pris\u00e3o do Lula, tamb\u00e9m ajudou aproximar o PT do PSB em n\u00edvel federal. As alian\u00e7as pol\u00edticas s\u00f3lidas se constroem ao longo do tempo na luta das mesmas causas que acreditamos. Temos um bom di\u00e1logo com o PSB em grande parte pela constru\u00e7\u00e3o que os companheiros da Para\u00edba fizeram. Ricardo foi vitimado por um processo judicial utilizado para fazer show midi\u00e1tico, condenaram antecipadamente, sem julgamento, nos posicionamos firmemente contra essa a\u00e7\u00e3o e nos solidarizamos com ele-, declarou.<\/p>\n\n\n\n<p>Com Mais PB<\/p>\n","protected":false},"excerpt":{"rendered":"<p>A presidente nacional do PT, Gleisi Hoffmann, deu sinais, nesta quinta-feira (6), que o partido deve romper com o governador Jo\u00e3o Azev\u00eado, rec\u00e9m-filiado ao Cidadania.&hellip; <\/p>\n","protected":false},"author":1,"featured_media":21148,"comment_status":"closed","ping_status":"closed","sticky":false,"template":"","format":"standard","meta":{"sfsi_plus_gutenberg_text_before_share":"","sfsi_plus_gutenberg_show_text_before_share":"","sfsi_plus_gutenberg_icon_type":"","sfsi_plus_gutenberg_icon_alignemt":"","sfsi_plus_gutenburg_max_per_row":"","footnotes":""},"categories":[11],"tags":[],"class_list":["post-152083","post","type-post","status-publish","format-standard","has-post-thumbnail","hentry","category-politica"],"_links":{"self":[{"href":"https:\/\/www.caririemacao.com\/1\/wp-json\/wp\/v2\/posts\/152083","targetHints":{"allow":["GET"]}}],"collection":[{"href":"https:\/\/www.caririemacao.com\/1\/wp-json\/wp\/v2\/posts"}],"about":[{"href":"https:\/\/www.caririemacao.com\/1\/wp-json\/wp\/v2\/types\/post"}],"author":[{"embeddable":true,"href":"https:\/\/www.caririemacao.com\/1\/wp-json\/wp\/v2\/users\/1"}],"replies":[{"embeddable":true,"href":"https:\/\/www.caririemacao.com\/1\/wp-json\/wp\/v2\/comments?post=152083"}],"version-history":[{"count":1,"href":"https:\/\/www.caririemacao.com\/1\/wp-json\/wp\/v2\/posts\/152083\/revisions"}],"predecessor-version":[{"id":152090,"href":"https:\/\/www.caririemacao.com\/1\/wp-json\/wp\/v2\/posts\/152083\/revisions\/152090"}],"wp:featuredmedia":[{"embeddable":true,"href":"https:\/\/www.caririemacao.com\/1\/wp-json\/wp\/v2\/media\/21148"}],"wp:attachment":[{"href":"https:\/\/www.caririemacao.com\/1\/wp-json\/wp\/v2\/media?parent=152083"}],"wp:term":[{"taxonomy":"category","embeddable":true,"href":"https:\/\/www.caririemacao.com\/1\/wp-json\/wp\/v2\/categories?post=152083"},{"taxonomy":"post_tag","embeddable":true,"href":"https:\/\/www.caririemacao.com\/1\/wp-json\/wp\/v2\/tags?post=152083"}],"curies":[{"name":"wp","href":"https:\/\/api.w.org\/{rel}","templated":true}]}}