{"id":152086,"date":"2020-02-07T10:32:14","date_gmt":"2020-02-07T13:32:14","guid":{"rendered":"http:\/\/www.caririemacao.com\/1\/?p=152086"},"modified":"2020-02-07T10:32:15","modified_gmt":"2020-02-07T13:32:15","slug":"menina-de-12-anos-morre-vitima-de-afogamento-em-acude-no-sertao-da-paraiba","status":"publish","type":"post","link":"https:\/\/www.caririemacao.com\/1\/2020\/02\/07\/menina-de-12-anos-morre-vitima-de-afogamento-em-acude-no-sertao-da-paraiba\/","title":{"rendered":"Menina de 12 anos morre v\u00edtima de afogamento em a\u00e7ude no Sert\u00e3o da Para\u00edba"},"content":{"rendered":"\n<p>Uma menina de 12 anos acabou morrendo v\u00edtima de afogamento, nesta \u00faltima quinta-feira (6), na zona rural de Bel\u00e9m do Brejo do Cruz, Sert\u00e3o da Para\u00edba. Sara Rodrigues teria ido tomar banho em um a\u00e7ude no S\u00edtio Lagoa de Pedra.<\/p>\n\n\n\n<p>A menina resolveu dar um mergulho e n\u00e3o conseguiu voltar para a superf\u00edcie. As pessoas que estavam no local realizaram buscas por todo o a\u00e7ude, por\u00e9m a menina j\u00e1 foi encontrada sem vida.<\/p>\n\n\n\n<p>A Pol\u00edcia foi acionada e o corpo foi encaminhado para o IML para realiza\u00e7\u00e3o da per\u00edcia. Sara morava em Jurucutu, no Rio Grande do Norte.<\/p>\n","protected":false},"excerpt":{"rendered":"<p>Uma menina de 12 anos acabou morrendo v\u00edtima de afogamento, nesta \u00faltima quinta-feira (6), na zona rural de Bel\u00e9m do Brejo do Cruz, Sert\u00e3o da&hellip; <\/p>\n","protected":false},"author":2,"featured_media":152087,"comment_status":"closed","ping_status":"closed","sticky":false,"template":"","format":"standard","meta":{"sfsi_plus_gutenberg_text_before_share":"","sfsi_plus_gutenberg_show_text_before_share":"","sfsi_plus_gutenberg_icon_type":"","sfsi_plus_gutenberg_icon_alignemt":"","sfsi_plus_gutenburg_max_per_row":"","footnotes":""},"categories":[6,50],"tags":[],"class_list":["post-152086","post","type-post","status-publish","format-standard","has-post-thumbnail","hentry","category-cidades","category-destaque"],"_links":{"self":[{"href":"https:\/\/www.caririemacao.com\/1\/wp-json\/wp\/v2\/posts\/152086","targetHints":{"allow":["GET"]}}],"collection":[{"href":"https:\/\/www.caririemacao.com\/1\/wp-json\/wp\/v2\/posts"}],"about":[{"href":"https:\/\/www.caririemacao.com\/1\/wp-json\/wp\/v2\/types\/post"}],"author":[{"embeddable":true,"href":"https:\/\/www.caririemacao.com\/1\/wp-json\/wp\/v2\/users\/2"}],"replies":[{"embeddable":true,"href":"https:\/\/www.caririemacao.com\/1\/wp-json\/wp\/v2\/comments?post=152086"}],"version-history":[{"count":1,"href":"https:\/\/www.caririemacao.com\/1\/wp-json\/wp\/v2\/posts\/152086\/revisions"}],"predecessor-version":[{"id":152088,"href":"https:\/\/www.caririemacao.com\/1\/wp-json\/wp\/v2\/posts\/152086\/revisions\/152088"}],"wp:featuredmedia":[{"embeddable":true,"href":"https:\/\/www.caririemacao.com\/1\/wp-json\/wp\/v2\/media\/152087"}],"wp:attachment":[{"href":"https:\/\/www.caririemacao.com\/1\/wp-json\/wp\/v2\/media?parent=152086"}],"wp:term":[{"taxonomy":"category","embeddable":true,"href":"https:\/\/www.caririemacao.com\/1\/wp-json\/wp\/v2\/categories?post=152086"},{"taxonomy":"post_tag","embeddable":true,"href":"https:\/\/www.caririemacao.com\/1\/wp-json\/wp\/v2\/tags?post=152086"}],"curies":[{"name":"wp","href":"https:\/\/api.w.org\/{rel}","templated":true}]}}