{"id":152089,"date":"2020-02-07T11:03:06","date_gmt":"2020-02-07T14:03:06","guid":{"rendered":"http:\/\/www.caririemacao.com\/1\/?p=152089"},"modified":"2020-02-07T11:17:05","modified_gmt":"2020-02-07T14:17:05","slug":"prefeitura-de-sume-abre-vagas-para-auxiliar-de-desenvolvimento-cognitivo-e-infantil","status":"publish","type":"post","link":"https:\/\/www.caririemacao.com\/1\/2020\/02\/07\/prefeitura-de-sume-abre-vagas-para-auxiliar-de-desenvolvimento-cognitivo-e-infantil\/","title":{"rendered":"Prefeitura de SUM\u00c9 abre vagas para Auxiliar de Desenvolvimento Cognitivo e Infantil"},"content":{"rendered":"\n<p>A prefeitura da cidade de Sum\u00e9, por meio da Secretaria Municipal de Educa\u00e7\u00e3o e secretaria Municipal de Administra\u00e7\u00e3o, publicou nesta \u00faltima quinta-feira (06), o Processo Seletivo Simplificado 01\/2020 para o cargo de Auxiliar de Desenvolvimento Cognitivo e Infantil. <\/p>\n\n\n\n<p>O Processo Seletivo disp\u00f5e de 05 vagas para para a sele\u00e7\u00e3o do cargo de Auxiliar de Desenvolvimento Cognitivo e infantil e forma\u00e7\u00e3o de Cadastro Reserva, para contrata\u00e7\u00e3o em tempo determinado em c\u00e1rter excepcional de interesse p\u00fablico.  Com ojetivo de preencher as vags do PSS 01\/2020, nas unidades municipais de ensino da cidade de SUM\u00c9. <\/p>\n\n\n\n<p>As pessoas que se interessarem devem apresentrar certificado de conclus\u00e3o do Ensino M\u00e9dio e documento que comprovem experi\u00eancia de (2) anos na educa\u00e7\u00e3o. Para se inscrever \u00e9 necess\u00e1rio levar o curr\u00edculo juntamente com os documentos comprobat\u00f3rios \u00e0 Secretaria Municipal de Educa\u00e7\u00e3o. <\/p>\n\n\n\n<p> A segunda etapa ser\u00e1 uma entrevista que acontecer\u00e1 no dia 12\/02\/20 \u00e0s 08:40 na Secretaria Municipal de Educa\u00e7\u00e3o da cidade de SUM\u00c9. <\/p>\n","protected":false},"excerpt":{"rendered":"<p>A prefeitura da cidade de Sum\u00e9, por meio da Secretaria Municipal de Educa\u00e7\u00e3o e secretaria Municipal de Administra\u00e7\u00e3o, publicou nesta \u00faltima quinta-feira (06), o Processo&hellip; <\/p>\n","protected":false},"author":2,"featured_media":135301,"comment_status":"closed","ping_status":"closed","sticky":false,"template":"","format":"standard","meta":{"sfsi_plus_gutenberg_text_before_share":"","sfsi_plus_gutenberg_show_text_before_share":"","sfsi_plus_gutenberg_icon_type":"","sfsi_plus_gutenberg_icon_alignemt":"","sfsi_plus_gutenburg_max_per_row":"","footnotes":""},"categories":[6,50],"tags":[],"class_list":["post-152089","post","type-post","status-publish","format-standard","has-post-thumbnail","hentry","category-cidades","category-destaque"],"_links":{"self":[{"href":"https:\/\/www.caririemacao.com\/1\/wp-json\/wp\/v2\/posts\/152089","targetHints":{"allow":["GET"]}}],"collection":[{"href":"https:\/\/www.caririemacao.com\/1\/wp-json\/wp\/v2\/posts"}],"about":[{"href":"https:\/\/www.caririemacao.com\/1\/wp-json\/wp\/v2\/types\/post"}],"author":[{"embeddable":true,"href":"https:\/\/www.caririemacao.com\/1\/wp-json\/wp\/v2\/users\/2"}],"replies":[{"embeddable":true,"href":"https:\/\/www.caririemacao.com\/1\/wp-json\/wp\/v2\/comments?post=152089"}],"version-history":[{"count":2,"href":"https:\/\/www.caririemacao.com\/1\/wp-json\/wp\/v2\/posts\/152089\/revisions"}],"predecessor-version":[{"id":152121,"href":"https:\/\/www.caririemacao.com\/1\/wp-json\/wp\/v2\/posts\/152089\/revisions\/152121"}],"wp:featuredmedia":[{"embeddable":true,"href":"https:\/\/www.caririemacao.com\/1\/wp-json\/wp\/v2\/media\/135301"}],"wp:attachment":[{"href":"https:\/\/www.caririemacao.com\/1\/wp-json\/wp\/v2\/media?parent=152089"}],"wp:term":[{"taxonomy":"category","embeddable":true,"href":"https:\/\/www.caririemacao.com\/1\/wp-json\/wp\/v2\/categories?post=152089"},{"taxonomy":"post_tag","embeddable":true,"href":"https:\/\/www.caririemacao.com\/1\/wp-json\/wp\/v2\/tags?post=152089"}],"curies":[{"name":"wp","href":"https:\/\/api.w.org\/{rel}","templated":true}]}}