{"id":152092,"date":"2020-02-07T10:43:22","date_gmt":"2020-02-07T13:43:22","guid":{"rendered":"http:\/\/www.caririemacao.com\/1\/?p=152092"},"modified":"2020-02-07T10:43:24","modified_gmt":"2020-02-07T13:43:24","slug":"mec-capacita-professores-para-alfabetizar-alunos-com-deficiencias","status":"publish","type":"post","link":"https:\/\/www.caririemacao.com\/1\/2020\/02\/07\/mec-capacita-professores-para-alfabetizar-alunos-com-deficiencias\/","title":{"rendered":"MEC capacita professores para alfabetizar alunos com defici\u00eancias"},"content":{"rendered":"\n<p>O Minist\u00e9rio da Educa\u00e7\u00e3o (MEC) abriu vagas para capacitar 1.200 professores na alfabetiza\u00e7\u00e3o de estudantes com defici\u00eancias. O curso \u00e9 gratuito e tem como p\u00fablico-alvo professores de educa\u00e7\u00e3o b\u00e1sica dos sistemas p\u00fablicos de ensino de estados, munic\u00edpios e do Distrito Federal.<\/p>\n\n\n\n<p>O Aperfei\u00e7oamento em Alfabetiza\u00e7\u00e3o para Estudantes com Defici\u00eancia ser\u00e1 a dist\u00e2ncia e ter\u00e1 carga hor\u00e1ria de 180 horas. As aulas v\u00e3o de maio at\u00e9 outubro. A iniciativa \u00e9 fruto de parceria com a Universidade Federal de S\u00e3o Carlos (UFSCar).<\/p>\n\n\n\n<p>Os interessados dever\u00e3o se inscrever no&nbsp;<a href=\"https:\/\/alfadef.faiufscar.com\/#\/\" target=\"_blank\" rel=\"noreferrer noopener\">site do curso<\/a>&nbsp;at\u00e9 20 de mar\u00e7o. Para participar \u00e9 necess\u00e1rio passar por processo de sele\u00e7\u00e3o com an\u00e1lise documental que comprove a atua\u00e7\u00e3o na educa\u00e7\u00e3o b\u00e1sica no sistema p\u00fablico de ensino. O resultado final de sele\u00e7\u00e3o de candidatos ser\u00e1 publicado no site do curso no dia 30 de mar\u00e7o. Acesse o&nbsp;<a href=\"http:\/\/portal.mec.gov.br\/component\/content\/index.php?option=com_content&amp;view=article&amp;id=85251:mec-promove-capacitacao-de-professores-para-alfabetizacao-de-estudantes-com-deficiencias&amp;catid=205&amp;Itemid=86\" target=\"_blank\" rel=\"noreferrer noopener\">edital<\/a>&nbsp;para mais detalhes.<\/p>\n","protected":false},"excerpt":{"rendered":"<p>O Minist\u00e9rio da Educa\u00e7\u00e3o (MEC) abriu vagas para capacitar 1.200 professores na alfabetiza\u00e7\u00e3o de estudantes com defici\u00eancias. O curso \u00e9 gratuito e tem como p\u00fablico-alvo&hellip; <\/p>\n","protected":false},"author":1,"featured_media":152093,"comment_status":"closed","ping_status":"closed","sticky":false,"template":"","format":"standard","meta":{"sfsi_plus_gutenberg_text_before_share":"","sfsi_plus_gutenberg_show_text_before_share":"","sfsi_plus_gutenberg_icon_type":"","sfsi_plus_gutenberg_icon_alignemt":"","sfsi_plus_gutenburg_max_per_row":"","footnotes":""},"categories":[14],"tags":[],"class_list":["post-152092","post","type-post","status-publish","format-standard","has-post-thumbnail","hentry","category-educacao"],"_links":{"self":[{"href":"https:\/\/www.caririemacao.com\/1\/wp-json\/wp\/v2\/posts\/152092","targetHints":{"allow":["GET"]}}],"collection":[{"href":"https:\/\/www.caririemacao.com\/1\/wp-json\/wp\/v2\/posts"}],"about":[{"href":"https:\/\/www.caririemacao.com\/1\/wp-json\/wp\/v2\/types\/post"}],"author":[{"embeddable":true,"href":"https:\/\/www.caririemacao.com\/1\/wp-json\/wp\/v2\/users\/1"}],"replies":[{"embeddable":true,"href":"https:\/\/www.caririemacao.com\/1\/wp-json\/wp\/v2\/comments?post=152092"}],"version-history":[{"count":1,"href":"https:\/\/www.caririemacao.com\/1\/wp-json\/wp\/v2\/posts\/152092\/revisions"}],"predecessor-version":[{"id":152094,"href":"https:\/\/www.caririemacao.com\/1\/wp-json\/wp\/v2\/posts\/152092\/revisions\/152094"}],"wp:featuredmedia":[{"embeddable":true,"href":"https:\/\/www.caririemacao.com\/1\/wp-json\/wp\/v2\/media\/152093"}],"wp:attachment":[{"href":"https:\/\/www.caririemacao.com\/1\/wp-json\/wp\/v2\/media?parent=152092"}],"wp:term":[{"taxonomy":"category","embeddable":true,"href":"https:\/\/www.caririemacao.com\/1\/wp-json\/wp\/v2\/categories?post=152092"},{"taxonomy":"post_tag","embeddable":true,"href":"https:\/\/www.caririemacao.com\/1\/wp-json\/wp\/v2\/tags?post=152092"}],"curies":[{"name":"wp","href":"https:\/\/api.w.org\/{rel}","templated":true}]}}