{"id":152097,"date":"2020-02-07T10:44:59","date_gmt":"2020-02-07T13:44:59","guid":{"rendered":"http:\/\/www.caririemacao.com\/1\/?p=152097"},"modified":"2020-02-07T10:45:01","modified_gmt":"2020-02-07T13:45:01","slug":"atletas-amparenses-participaram-de-teste-no-treze-fc-e-um-deles-foi-pre-aprovado","status":"publish","type":"post","link":"https:\/\/www.caririemacao.com\/1\/2020\/02\/07\/atletas-amparenses-participaram-de-teste-no-treze-fc-e-um-deles-foi-pre-aprovado\/","title":{"rendered":"Atletas Amparenses participaram de teste no Treze FC e um deles foi pr\u00e9-aprovado"},"content":{"rendered":"\n<p>A Educadora F\u00edsica Vilma En\u00e9as com o apoio da Secret\u00e1ria de Assist\u00eancia Social Cleide N\u00f3brega levou alguns atletas Amparenses para participarem de uma peneira realizada pelo Treze FC no ultimo s\u00e1bado (01), para alegria de todos,&nbsp;<strong>o Goleiro Dhonnata Gabriel Silva<\/strong>&nbsp;est\u00e1 entre os pr\u00e9-aprovados da categoria nascidos entre 2003\/2004. A peneira reuniu mais de 300 Jovens de toda a Para\u00edba e aconteceu em Campina Grande, no Est\u00e1dio Presidente Vargas.<\/p>\n\n\n\n<figure class=\"wp-block-image\"><a href=\"https:\/\/1.bp.blogspot.com\/-J9M3XdboYI0\/Xjx5m8Mr7uI\/AAAAAAABJvk\/8JJxiviEDc8Y0KOE0psFXtiATK2GPI6LgCLcBGAsYHQ\/s1600\/WhatsApp%2BImage%2B2020-02-05%2Bat%2B8.57.22%2BPM.jpeg\"><img decoding=\"async\" data-src=\"https:\/\/1.bp.blogspot.com\/-J9M3XdboYI0\/Xjx5m8Mr7uI\/AAAAAAABJvk\/8JJxiviEDc8Y0KOE0psFXtiATK2GPI6LgCLcBGAsYHQ\/s640\/WhatsApp%2BImage%2B2020-02-05%2Bat%2B8.57.22%2BPM.jpeg\" alt=\"\" src=\"data:image\/svg+xml;base64,PHN2ZyB3aWR0aD0iMSIgaGVpZ2h0PSIxIiB4bWxucz0iaHR0cDovL3d3dy53My5vcmcvMjAwMC9zdmciPjwvc3ZnPg==\" class=\"lazyload\" \/><\/a><\/figure>\n\n\n\n<p>O processo de avalia\u00e7\u00e3o foi realizado pelo treinador das equipes sub-15, 17 e 19, Dario Alves, que est\u00e1 de volta ao clube, que juntamente com o diretor das categorias de base, Arlindo J\u00fanior e demais componentes da comiss\u00e3o t\u00e9cnica, analisaram diversos garotos de v\u00e1rias regi\u00f5es do Estado da Para\u00edba.<\/p>\n\n\n\n<figure class=\"wp-block-image\"><a href=\"https:\/\/1.bp.blogspot.com\/-CL1XWKG5FF0\/Xjx6J8cSd0I\/AAAAAAABJv4\/3CZhqXJQR44TBRx8UNGDJvVLa6WCHUk7QCLcBGAsYHQ\/s1600\/83908495_1822872827850226_7815412131511140352_o.jpg\"><img decoding=\"async\" data-src=\"https:\/\/1.bp.blogspot.com\/-CL1XWKG5FF0\/Xjx6J8cSd0I\/AAAAAAABJv4\/3CZhqXJQR44TBRx8UNGDJvVLa6WCHUk7QCLcBGAsYHQ\/s640\/83908495_1822872827850226_7815412131511140352_o.jpg\" alt=\"\" src=\"data:image\/svg+xml;base64,PHN2ZyB3aWR0aD0iMSIgaGVpZ2h0PSIxIiB4bWxucz0iaHR0cDovL3d3dy53My5vcmcvMjAwMC9zdmciPjwvc3ZnPg==\" class=\"lazyload\" \/><\/a><\/figure>\n\n\n\n<p>Ap\u00f3s a primeira etapa avaliativa, o Treze divulgou nesta semana os nomes dos candidatos que foram selecionados na peneira das categorias Sub-15 e do Sub-17 do clube.<br>Amparo Ligado Ascom Treze<\/p>\n","protected":false},"excerpt":{"rendered":"<p>A Educadora F\u00edsica Vilma En\u00e9as com o apoio da Secret\u00e1ria de Assist\u00eancia Social Cleide N\u00f3brega levou alguns atletas Amparenses para participarem de uma peneira realizada&hellip; <\/p>\n","protected":false},"author":1,"featured_media":152099,"comment_status":"closed","ping_status":"closed","sticky":false,"template":"","format":"standard","meta":{"sfsi_plus_gutenberg_text_before_share":"","sfsi_plus_gutenberg_show_text_before_share":"","sfsi_plus_gutenberg_icon_type":"","sfsi_plus_gutenberg_icon_alignemt":"","sfsi_plus_gutenburg_max_per_row":"","footnotes":""},"categories":[13],"tags":[],"class_list":["post-152097","post","type-post","status-publish","format-standard","has-post-thumbnail","hentry","category-esportes"],"_links":{"self":[{"href":"https:\/\/www.caririemacao.com\/1\/wp-json\/wp\/v2\/posts\/152097","targetHints":{"allow":["GET"]}}],"collection":[{"href":"https:\/\/www.caririemacao.com\/1\/wp-json\/wp\/v2\/posts"}],"about":[{"href":"https:\/\/www.caririemacao.com\/1\/wp-json\/wp\/v2\/types\/post"}],"author":[{"embeddable":true,"href":"https:\/\/www.caririemacao.com\/1\/wp-json\/wp\/v2\/users\/1"}],"replies":[{"embeddable":true,"href":"https:\/\/www.caririemacao.com\/1\/wp-json\/wp\/v2\/comments?post=152097"}],"version-history":[{"count":1,"href":"https:\/\/www.caririemacao.com\/1\/wp-json\/wp\/v2\/posts\/152097\/revisions"}],"predecessor-version":[{"id":152100,"href":"https:\/\/www.caririemacao.com\/1\/wp-json\/wp\/v2\/posts\/152097\/revisions\/152100"}],"wp:featuredmedia":[{"embeddable":true,"href":"https:\/\/www.caririemacao.com\/1\/wp-json\/wp\/v2\/media\/152099"}],"wp:attachment":[{"href":"https:\/\/www.caririemacao.com\/1\/wp-json\/wp\/v2\/media?parent=152097"}],"wp:term":[{"taxonomy":"category","embeddable":true,"href":"https:\/\/www.caririemacao.com\/1\/wp-json\/wp\/v2\/categories?post=152097"},{"taxonomy":"post_tag","embeddable":true,"href":"https:\/\/www.caririemacao.com\/1\/wp-json\/wp\/v2\/tags?post=152097"}],"curies":[{"name":"wp","href":"https:\/\/api.w.org\/{rel}","templated":true}]}}