{"id":152103,"date":"2020-02-07T10:46:56","date_gmt":"2020-02-07T13:46:56","guid":{"rendered":"http:\/\/www.caririemacao.com\/1\/?p=152103"},"modified":"2020-02-07T10:46:57","modified_gmt":"2020-02-07T13:46:57","slug":"equipe-de-saude-de-amparo-realizou-atendimento-medico-na-comunidade-serrote-agudo","status":"publish","type":"post","link":"https:\/\/www.caririemacao.com\/1\/2020\/02\/07\/equipe-de-saude-de-amparo-realizou-atendimento-medico-na-comunidade-serrote-agudo\/","title":{"rendered":"Equipe de Sa\u00fade de Amparo realizou atendimento m\u00e9dico na Comunidade Serrote Agudo"},"content":{"rendered":"\n<p>A Secretaria de Sa\u00fade de Amparo esteve com uma equipe atendendo na manh\u00e3 desta quinta-feira (06) na Comunidade do Serrote Agudo.<\/p>\n\n\n\n<p><br>Estiveram presentes a Secret\u00e1ria de Sa\u00fade Ver\u00f4nica Rafael, a Subsecret\u00e1ria Fabr\u00edcia Mizael, do M\u00e9dico da Fam\u00edlia Dr\u00ba Vladimir C\u00e2mara, da enfermeira Siclaudia e do ACS Noaldo.\u00a0<\/p>\n\n\n\n<p>Foram realizados diversos atendimentos m\u00e9dicos aos moradores daquela localidade.<\/p>\n\n\n\n<p><a href=\"https:\/\/1.bp.blogspot.com\/-FQOatM5jn8g\/Xjx10KpehaI\/AAAAAAABJuY\/f6LOtLhFagguhkY9pqLat57ovBbKo5c1ACLcBGAsYHQ\/s1600\/WhatsApp%2BImage%2B2020-02-06%2Bat%2B12.37.33%2BPM.jpeg\"><\/a>\u201cEssa \u00e9 uma a\u00e7\u00e3o muito importante para nosso munic\u00edpio, sabemos das dificuldades da locomo\u00e7\u00e3o dos moradores at\u00e9 a cidade para que sejam atendidos, ent\u00e3o estaremos realizando esse trabalho na Zona Rural de Amparo, agradecemos a popula\u00e7\u00e3o do Serrote Agudo pela receptividade com nossa equipe, agradecemos tamb\u00e9m a Dona Mara e Seu Manoel Amaro, que cederam o local para que nossos profissionais pudessem fazer o atendimento da popula\u00e7\u00e3o daquela localidade\u201d, disse a Secret\u00e1ria Ver\u00f4nica.<a href=\"https:\/\/1.bp.blogspot.com\/-ccS4qD5_TRA\/Xjx17CGKSsI\/AAAAAAABJug\/1NatLNDsPXktv8tPtf2PwOJX1pCKIS8SwCLcBGAsYHQ\/s1600\/WhatsApp%2BImage%2B2020-02-06%2Bat%2B12.37.31%2BPM%2B%25281%2529.jpeg\"><\/a><br><a href=\"https:\/\/1.bp.blogspot.com\/-Lnupu0yWBMs\/Xjx17ALW_gI\/AAAAAAABJuk\/oXZ3Zskw-w4DPOFmvlxScxxfj4ghDQx2gCLcBGAsYHQ\/s1600\/WhatsApp%2BImage%2B2020-02-06%2Bat%2B12.37.31%2BPM.jpeg\"><\/a><\/p>\n","protected":false},"excerpt":{"rendered":"<p>A Secretaria de Sa\u00fade de Amparo esteve com uma equipe atendendo na manh\u00e3 desta quinta-feira (06) na Comunidade do Serrote Agudo. Estiveram presentes a Secret\u00e1ria&hellip; <\/p>\n","protected":false},"author":1,"featured_media":152104,"comment_status":"closed","ping_status":"closed","sticky":false,"template":"","format":"standard","meta":{"sfsi_plus_gutenberg_text_before_share":"","sfsi_plus_gutenberg_show_text_before_share":"","sfsi_plus_gutenberg_icon_type":"","sfsi_plus_gutenberg_icon_alignemt":"","sfsi_plus_gutenburg_max_per_row":"","footnotes":""},"categories":[2],"tags":[],"class_list":["post-152103","post","type-post","status-publish","format-standard","has-post-thumbnail","hentry","category-geral"],"_links":{"self":[{"href":"https:\/\/www.caririemacao.com\/1\/wp-json\/wp\/v2\/posts\/152103","targetHints":{"allow":["GET"]}}],"collection":[{"href":"https:\/\/www.caririemacao.com\/1\/wp-json\/wp\/v2\/posts"}],"about":[{"href":"https:\/\/www.caririemacao.com\/1\/wp-json\/wp\/v2\/types\/post"}],"author":[{"embeddable":true,"href":"https:\/\/www.caririemacao.com\/1\/wp-json\/wp\/v2\/users\/1"}],"replies":[{"embeddable":true,"href":"https:\/\/www.caririemacao.com\/1\/wp-json\/wp\/v2\/comments?post=152103"}],"version-history":[{"count":1,"href":"https:\/\/www.caririemacao.com\/1\/wp-json\/wp\/v2\/posts\/152103\/revisions"}],"predecessor-version":[{"id":152105,"href":"https:\/\/www.caririemacao.com\/1\/wp-json\/wp\/v2\/posts\/152103\/revisions\/152105"}],"wp:featuredmedia":[{"embeddable":true,"href":"https:\/\/www.caririemacao.com\/1\/wp-json\/wp\/v2\/media\/152104"}],"wp:attachment":[{"href":"https:\/\/www.caririemacao.com\/1\/wp-json\/wp\/v2\/media?parent=152103"}],"wp:term":[{"taxonomy":"category","embeddable":true,"href":"https:\/\/www.caririemacao.com\/1\/wp-json\/wp\/v2\/categories?post=152103"},{"taxonomy":"post_tag","embeddable":true,"href":"https:\/\/www.caririemacao.com\/1\/wp-json\/wp\/v2\/tags?post=152103"}],"curies":[{"name":"wp","href":"https:\/\/api.w.org\/{rel}","templated":true}]}}