{"id":152110,"date":"2020-02-07T10:51:17","date_gmt":"2020-02-07T13:51:17","guid":{"rendered":"http:\/\/www.caririemacao.com\/1\/?p=152110"},"modified":"2020-02-07T10:51:18","modified_gmt":"2020-02-07T13:51:18","slug":"governador-do-acre-diz-que-aceita-zerar-icms-sobre-o-combustivel","status":"publish","type":"post","link":"https:\/\/www.caririemacao.com\/1\/2020\/02\/07\/governador-do-acre-diz-que-aceita-zerar-icms-sobre-o-combustivel\/","title":{"rendered":"Governador do Acre diz que aceita zerar ICMS sobre o combust\u00edvel"},"content":{"rendered":"\n<p>Ap\u00f3s o presidente Jair Bolsonaro afirmar, nesta quarta-feira (5), que vai zerar os tributos federais sobre combust\u00edveis se os governadores aceitarem zerar o ICMS (imposto estadual), o governador Gladson Cameli disse que n\u00e3o descarta reduzir o imposto no Acre.<\/p>\n\n\n\n<p>O governador Gladson Cameli informou, na manh\u00e3 desta quinta-feira (6), em v\u00eddeo encaminhado \u00e0 Rede Amaz\u00f4nica, que a redu\u00e7\u00e3o pode ser feita no estado.<\/p>\n\n\n\n<p>&#8220;Com toda certeza. N\u00f3s j\u00e1 provamos que existe essa possibilidade. A prova \u00e9 o ICMS do querosene que n\u00f3s criamos esse benef\u00edcio para facilitar e ter mais voos e oportunidades de voos diurnos para o nosso estado, que baixei de 20% para 3%&#8221;, disse o governador.<\/p>\n\n\n\n<p>Nos \u00faltimos meses, Bolsonaro vem defendendo uma altera\u00e7\u00e3o na cobran\u00e7a do ICMS sobre combust\u00edveis. De acordo com o presidente, o imposto \u00e9 o respons\u00e1vel pelos altos pre\u00e7os cobrados na bomba ao consumidor. Os tributos federais que incidem sobre combust\u00edveis s\u00e3o a CIDE e o PIS\/Cofins.<\/p>\n\n\n\n<p>Cameli disse que n\u00e3o pode ir contra os anseios da popula\u00e7\u00e3o e afirma que seu governo \u00e9 para criar oportunidades e desenvolvimento para o estado.<\/p>\n\n\n\n<p>&#8220;Mas, \u00e9 bom deixarmos claro: para isso, temos um Confaz, que \u00e9 o conselho que envolve todos os secret\u00e1rios de fazenda nacional, que tem passar por ele. N\u00e3o \u00e9 uma decis\u00e3o que somente o governador tem o poder de tomar e decidir&#8221;, pontuou.<\/p>\n\n\n\n<p>O governador disse ainda que \u00e9 preciso ter cautela ao tratar do assunto.<\/p>\n\n\n\n<p>&#8220;Temos que ver e tratar o assunto com delicadeza. \u00c9 um debate que envolve milhares de fam\u00edlias e eu tenho que criar oportunidades e n\u00e3o tir\u00e1-las. A minha posi\u00e7\u00e3o j\u00e1 deixei clara, mas n\u00e3o depende somente do governo&#8221;, conclui.<\/p>\n\n\n\n<p><strong>Redu\u00e7\u00e3o de 50%<\/strong><\/p>\n\n\n\n<p>O Sindicato dos Postos de Combust\u00edveis do Acre (Sindepac) informou, em nota, que \u00e9 favor\u00e1vel \u00e0 redu\u00e7\u00e3o dos impostos e que essa \u00e9 a \u00fanica forma de conseguir baixar os pre\u00e7os para os consumidores. O documento explica que a poss\u00edvel isen\u00e7\u00e3o diminuiria pelo menos metade do pre\u00e7o da gasolina no estado.<\/p>\n\n\n\n<p>&#8220;A alta carga tribut\u00e1ria no pa\u00eds acaba comprometendo o desenvolvimento da economia, onerando empres\u00e1rios, diminuindo a gera\u00e7\u00e3o de empregos e prejudicando a popula\u00e7\u00e3o em geral. A redu\u00e7\u00e3o dos impostos proposta pelo presidente Jair Bolsonaro \u00e9 vista com bons olhos por todos os Sindicatos do setor no Brasil&#8221;, diz.<\/p>\n","protected":false},"excerpt":{"rendered":"<p>Ap\u00f3s o presidente Jair Bolsonaro afirmar, nesta quarta-feira (5), que vai zerar os tributos federais sobre combust\u00edveis se os governadores aceitarem zerar o ICMS (imposto&hellip; <\/p>\n","protected":false},"author":1,"featured_media":152111,"comment_status":"closed","ping_status":"closed","sticky":false,"template":"","format":"standard","meta":{"sfsi_plus_gutenberg_text_before_share":"","sfsi_plus_gutenberg_show_text_before_share":"","sfsi_plus_gutenberg_icon_type":"","sfsi_plus_gutenberg_icon_alignemt":"","sfsi_plus_gutenburg_max_per_row":"","footnotes":""},"categories":[11],"tags":[],"class_list":["post-152110","post","type-post","status-publish","format-standard","has-post-thumbnail","hentry","category-politica"],"_links":{"self":[{"href":"https:\/\/www.caririemacao.com\/1\/wp-json\/wp\/v2\/posts\/152110","targetHints":{"allow":["GET"]}}],"collection":[{"href":"https:\/\/www.caririemacao.com\/1\/wp-json\/wp\/v2\/posts"}],"about":[{"href":"https:\/\/www.caririemacao.com\/1\/wp-json\/wp\/v2\/types\/post"}],"author":[{"embeddable":true,"href":"https:\/\/www.caririemacao.com\/1\/wp-json\/wp\/v2\/users\/1"}],"replies":[{"embeddable":true,"href":"https:\/\/www.caririemacao.com\/1\/wp-json\/wp\/v2\/comments?post=152110"}],"version-history":[{"count":1,"href":"https:\/\/www.caririemacao.com\/1\/wp-json\/wp\/v2\/posts\/152110\/revisions"}],"predecessor-version":[{"id":152112,"href":"https:\/\/www.caririemacao.com\/1\/wp-json\/wp\/v2\/posts\/152110\/revisions\/152112"}],"wp:featuredmedia":[{"embeddable":true,"href":"https:\/\/www.caririemacao.com\/1\/wp-json\/wp\/v2\/media\/152111"}],"wp:attachment":[{"href":"https:\/\/www.caririemacao.com\/1\/wp-json\/wp\/v2\/media?parent=152110"}],"wp:term":[{"taxonomy":"category","embeddable":true,"href":"https:\/\/www.caririemacao.com\/1\/wp-json\/wp\/v2\/categories?post=152110"},{"taxonomy":"post_tag","embeddable":true,"href":"https:\/\/www.caririemacao.com\/1\/wp-json\/wp\/v2\/tags?post=152110"}],"curies":[{"name":"wp","href":"https:\/\/api.w.org\/{rel}","templated":true}]}}