{"id":152115,"date":"2020-02-07T10:52:30","date_gmt":"2020-02-07T13:52:30","guid":{"rendered":"http:\/\/www.caririemacao.com\/1\/?p=152115"},"modified":"2020-02-07T10:52:31","modified_gmt":"2020-02-07T13:52:31","slug":"bolsonaro-sanciona-lei-que-estabelece-regras-da-quarentena-do-coronavirus","status":"publish","type":"post","link":"https:\/\/www.caririemacao.com\/1\/2020\/02\/07\/bolsonaro-sanciona-lei-que-estabelece-regras-da-quarentena-do-coronavirus\/","title":{"rendered":"Bolsonaro sanciona lei que estabelece regras da quarentena do coronav\u00edrus"},"content":{"rendered":"\n<p>O presidente Jair Bolsonaro (sem partido) sancionou, nesta quinta-feira (6), o projeto que cria as regras para colocar em quarentena os brasileiros evacuados do epicentro da epidemia de coronav\u00edrus na China.<\/p>\n\n\n\n<p>O texto tramitou com rapidez no Congresso para ser aprovado antes do retorno ao pa\u00eds dos brasileiros que ser\u00e3o repatriados de Wuhan, na China. A conclus\u00e3o dos tr\u00e2mites legislativos da mat\u00e9ria ocorreu na quarta (5).&nbsp;<\/p>\n\n\n\n<p>As aeronaves que buscar\u00e3o essas pessoas decolaram nesta quarta e t\u00eam previs\u00e3o de retorno para o s\u00e1bado (8).<\/p>\n\n\n\n<p>Bolsonaro vinha apontando a aus\u00eancia de uma lei que criasse a figura jur\u00eddica da quarentena sanit\u00e1ria como um dos obst\u00e1culos para a evacua\u00e7\u00e3o dos brasileiros de Wuhan. O objetivo da norma agora sancionada \u00e9 justamente suprir essa lacuna.&nbsp;<\/p>\n\n\n\n<p>&#8220;Considerando a situa\u00e7\u00e3o de emerg\u00eancia de sa\u00fade p\u00fablica de import\u00e2ncia internacional decorrente do coronav\u00edrus, consoante j\u00e1 reconhecido pela Organiza\u00e7\u00e3o Mundial de Sa\u00fade, o anteprojeto de lei visa adequar a legisla\u00e7\u00e3o interna, coordenando as a\u00e7\u00f5es e os servi\u00e7os do SUS em todas as esferas federativas para permitir uma atua\u00e7\u00e3o eficiente e eficaz, mediante a defini\u00e7\u00e3o de instrumentos que possibilitem o enfrentamento \u00e1gil da situa\u00e7\u00e3o de emerg\u00eancia sanit\u00e1ria internacional existente, objetivando a prote\u00e7\u00e3o da coletividade, com maior seguran\u00e7a jur\u00eddica&#8221;, argumentou o ministro Luiz Henrique Mandetta (Sa\u00fade), na exposi\u00e7\u00e3o de motivos.<\/p>\n\n\n\n<p>Em uma live nas redes sociais, Bolsonaro disse que cerca de 40 brasileiros dever\u00e3o ser retornados ao pa\u00eds. Eles permanecer\u00e3o em quarentena de 18 dias em uma base militar na cidade de An\u00e1polis (GO). Estrangeiros de pa\u00edses da Am\u00e9rica do Sul e da Pol\u00f4nia \u2013pa\u00eds onde as aeronaves realizar\u00e3o escala\u2013tamb\u00e9m poder\u00e3o ser transportados nos assentos livres, disse Bolsonaro. Ele calculou em 10 o n\u00famero de vagas dispon\u00edveis para esses estrangeiros.<\/p>\n\n\n\n<p>Antes do embarque em Wuhan, os brasileiros e demais passageiros passar\u00e3o por exames e avalia\u00e7\u00e3o m\u00e9dica.&nbsp;&nbsp;<\/p>\n","protected":false},"excerpt":{"rendered":"<p>O presidente Jair Bolsonaro (sem partido) sancionou, nesta quinta-feira (6), o projeto que cria as regras para colocar em quarentena os brasileiros evacuados do epicentro&hellip; <\/p>\n","protected":false},"author":1,"featured_media":152026,"comment_status":"closed","ping_status":"closed","sticky":false,"template":"","format":"standard","meta":{"sfsi_plus_gutenberg_text_before_share":"","sfsi_plus_gutenberg_show_text_before_share":"","sfsi_plus_gutenberg_icon_type":"","sfsi_plus_gutenberg_icon_alignemt":"","sfsi_plus_gutenburg_max_per_row":"","footnotes":""},"categories":[11],"tags":[],"class_list":["post-152115","post","type-post","status-publish","format-standard","has-post-thumbnail","hentry","category-politica"],"_links":{"self":[{"href":"https:\/\/www.caririemacao.com\/1\/wp-json\/wp\/v2\/posts\/152115","targetHints":{"allow":["GET"]}}],"collection":[{"href":"https:\/\/www.caririemacao.com\/1\/wp-json\/wp\/v2\/posts"}],"about":[{"href":"https:\/\/www.caririemacao.com\/1\/wp-json\/wp\/v2\/types\/post"}],"author":[{"embeddable":true,"href":"https:\/\/www.caririemacao.com\/1\/wp-json\/wp\/v2\/users\/1"}],"replies":[{"embeddable":true,"href":"https:\/\/www.caririemacao.com\/1\/wp-json\/wp\/v2\/comments?post=152115"}],"version-history":[{"count":1,"href":"https:\/\/www.caririemacao.com\/1\/wp-json\/wp\/v2\/posts\/152115\/revisions"}],"predecessor-version":[{"id":152116,"href":"https:\/\/www.caririemacao.com\/1\/wp-json\/wp\/v2\/posts\/152115\/revisions\/152116"}],"wp:featuredmedia":[{"embeddable":true,"href":"https:\/\/www.caririemacao.com\/1\/wp-json\/wp\/v2\/media\/152026"}],"wp:attachment":[{"href":"https:\/\/www.caririemacao.com\/1\/wp-json\/wp\/v2\/media?parent=152115"}],"wp:term":[{"taxonomy":"category","embeddable":true,"href":"https:\/\/www.caririemacao.com\/1\/wp-json\/wp\/v2\/categories?post=152115"},{"taxonomy":"post_tag","embeddable":true,"href":"https:\/\/www.caririemacao.com\/1\/wp-json\/wp\/v2\/tags?post=152115"}],"curies":[{"name":"wp","href":"https:\/\/api.w.org\/{rel}","templated":true}]}}