{"id":152128,"date":"2020-02-07T12:07:42","date_gmt":"2020-02-07T15:07:42","guid":{"rendered":"http:\/\/www.caririemacao.com\/1\/?p=152128"},"modified":"2020-02-07T12:08:24","modified_gmt":"2020-02-07T15:08:24","slug":"prefeito-de-caraubas-silvano-dudu-deve-reunir-o-grupo-e-pode-anunciar-filiacao-ao-partido-cidadania","status":"publish","type":"post","link":"https:\/\/www.caririemacao.com\/1\/2020\/02\/07\/prefeito-de-caraubas-silvano-dudu-deve-reunir-o-grupo-e-pode-anunciar-filiacao-ao-partido-cidadania\/","title":{"rendered":"Prefeito de Cara\u00fabas, Silvano Dudu deve reunir o grupo e pode anunciar filia\u00e7\u00e3o ao Partido Cidadania"},"content":{"rendered":"\n<p>O prefeito Silvano Dudu informou que estar\u00e1 reunindo seu grupo pol\u00edtico na pr\u00f3xima ter\u00e7a-feira para deliberar sobre a possibilidade de se juntar ao Partido Cidadania. Silvano afirmou em entrevista, que n\u00e3o toma nenhuma decis\u00e3o sozinho e que se for dir\u00e1 com todo seu grupo de sustenta\u00e7\u00e3o, at\u00e9 para manter o alinhamento com o governador Jo\u00e3o Azevedo, em quem votou nas \u00faltimas elei\u00e7\u00f5es. <\/p>\n\n\n\n<p>A informa\u00e7\u00e3o foi confirmada pelo seu presidente e chefe de gabinete do Governo, Ronaldo Guerra. Segundo Ronaldo, o prefeito de Cara\u00fabas, Silvano Dudu (PSB), e de Tavares, Ailton Nixon Suassuna (MDB), estiveram reunidos ontem com ele e confirmaram a inten\u00e7\u00e3o de ingresso no novo partido.<\/p>\n\n\n\n<p>Ronaldo Guerra informou que muitas lideran\u00e7as t\u00eam procurado a dire\u00e7\u00e3o estadual para seguir o governador no novo partido e em breve deve ser marcada uma solenidade de filia\u00e7\u00e3o coletiva com a presen\u00e7a do presidente nacional do Cidadania, Roberto Freire. At\u00e9 o momento 22 prefeitos j\u00e1 se filiaram \u00e0 nova sigla de Jo\u00e3o Azevedo.<\/p>\n\n\n\n<p>Informa\u00e7\u00f5es: De Olho no Cariri<\/p>\n","protected":false},"excerpt":{"rendered":"<p>O prefeito Silvano Dudu informou que estar\u00e1 reunindo seu grupo pol\u00edtico na pr\u00f3xima ter\u00e7a-feira para deliberar sobre a possibilidade de se juntar ao Partido Cidadania.&hellip; <\/p>\n","protected":false},"author":2,"featured_media":152129,"comment_status":"closed","ping_status":"closed","sticky":false,"template":"","format":"standard","meta":{"sfsi_plus_gutenberg_text_before_share":"","sfsi_plus_gutenberg_show_text_before_share":"","sfsi_plus_gutenberg_icon_type":"","sfsi_plus_gutenberg_icon_alignemt":"","sfsi_plus_gutenburg_max_per_row":"","footnotes":""},"categories":[50,11],"tags":[],"class_list":["post-152128","post","type-post","status-publish","format-standard","has-post-thumbnail","hentry","category-destaque","category-politica"],"_links":{"self":[{"href":"https:\/\/www.caririemacao.com\/1\/wp-json\/wp\/v2\/posts\/152128","targetHints":{"allow":["GET"]}}],"collection":[{"href":"https:\/\/www.caririemacao.com\/1\/wp-json\/wp\/v2\/posts"}],"about":[{"href":"https:\/\/www.caririemacao.com\/1\/wp-json\/wp\/v2\/types\/post"}],"author":[{"embeddable":true,"href":"https:\/\/www.caririemacao.com\/1\/wp-json\/wp\/v2\/users\/2"}],"replies":[{"embeddable":true,"href":"https:\/\/www.caririemacao.com\/1\/wp-json\/wp\/v2\/comments?post=152128"}],"version-history":[{"count":2,"href":"https:\/\/www.caririemacao.com\/1\/wp-json\/wp\/v2\/posts\/152128\/revisions"}],"predecessor-version":[{"id":152131,"href":"https:\/\/www.caririemacao.com\/1\/wp-json\/wp\/v2\/posts\/152128\/revisions\/152131"}],"wp:featuredmedia":[{"embeddable":true,"href":"https:\/\/www.caririemacao.com\/1\/wp-json\/wp\/v2\/media\/152129"}],"wp:attachment":[{"href":"https:\/\/www.caririemacao.com\/1\/wp-json\/wp\/v2\/media?parent=152128"}],"wp:term":[{"taxonomy":"category","embeddable":true,"href":"https:\/\/www.caririemacao.com\/1\/wp-json\/wp\/v2\/categories?post=152128"},{"taxonomy":"post_tag","embeddable":true,"href":"https:\/\/www.caririemacao.com\/1\/wp-json\/wp\/v2\/tags?post=152128"}],"curies":[{"name":"wp","href":"https:\/\/api.w.org\/{rel}","templated":true}]}}