{"id":152137,"date":"2020-02-07T12:58:01","date_gmt":"2020-02-07T15:58:01","guid":{"rendered":"http:\/\/www.caririemacao.com\/1\/?p=152137"},"modified":"2020-02-07T12:58:04","modified_gmt":"2020-02-07T15:58:04","slug":"justica-decide-pela-liberacao-da-realizacao-de-leiloes-de-veiculos-do-detran-pb-edital-saira-em-breve","status":"publish","type":"post","link":"https:\/\/www.caririemacao.com\/1\/2020\/02\/07\/justica-decide-pela-liberacao-da-realizacao-de-leiloes-de-veiculos-do-detran-pb-edital-saira-em-breve\/","title":{"rendered":"Justi\u00e7a decide pela libera\u00e7\u00e3o da realiza\u00e7\u00e3o de leil\u00f5es de ve\u00edculos do Detran-PB; edital sair\u00e1 em breve"},"content":{"rendered":"\n<p>Empresas privadas credenciadas est\u00e3o autorizadas a auxiliar nos atos preparat\u00f3rios de leil\u00f5es p\u00fablicos a cargo do Departamento Estadual de Tr\u00e2nsito da Para\u00edba (Detran-PB). A decis\u00e3o foi do Tribunal Regional Federal da 5\u00aa Regi\u00e3o (TRF5), que, por unanimidade, negou provimento ao Agravo de Instrumento impetrado contra o Detran-PB, que resultaria na suspens\u00e3o dos leil\u00f5es de ve\u00edculos removidos aos p\u00e1tios do \u00f3rg\u00e3o. Com isso, a realiza\u00e7\u00e3o dos eventos foi assegurada e o edital ser\u00e1 divulgado em breve.<\/p>\n\n\n\n<p>No voto do relator, desembargador federal Cid Marconi, acompanhado pela Terceira Turma do TRF5, \u201ca Res. Contran n.\u00ba 623\/2016 n\u00e3o proibiu expressamente o credenciamento de empresas privadas para atuarem nos atos preparat\u00f3rios e na organiza\u00e7\u00e3o de leil\u00f5es p\u00fablicos, desempenhando os procedimentos que antecedessem e sucedessem a venda dos ve\u00edculos em ato p\u00fablico\u201d.<\/p>\n\n\n\n<p>Ainda segundo a decis\u00e3o, \u201co Edital de Chamamento P\u00fablico n.\u00ba 001\/2018, assim como a Portaria Detran\/PB n.\u00ba 34\/2018\/DS n\u00e3o contrariaram as disposi\u00e7\u00f5es contidas na Res. Contran n.\u00ba 623\/2016, porquanto apenas autorizaram as empresas privadas a auxiliarem a Comiss\u00e3o de Organiza\u00e7\u00e3o nos atos preparat\u00f3rios de leil\u00f5es p\u00fablicos, ficando a realiza\u00e7\u00e3o desses leil\u00f5es a cargo do pr\u00f3prio Departamento Estadual de Tr\u00e2nsito\u201d.<\/p>\n\n\n\n<p>Segundo o superintendente do Detran-PB, Agamenon Vieira, a decis\u00e3o do TRF5 deixa claro que a Dire\u00e7\u00e3o do Detran da Para\u00edba estava correta ao credenciar empresas para auxiliar na organiza\u00e7\u00e3o e realiza\u00e7\u00e3o dos leil\u00f5es, sob a supervis\u00e3o do \u00f3rg\u00e3o.<\/p>\n\n\n\n<p>Minist\u00e9rio P\u00fablico \u2013 Sobre o mesmo caso, o Inqu\u00e9rito Civil P\u00fablico ingressado junto ao Minist\u00e9rio P\u00fablico da Para\u00edba foi arquivado, registrando mais uma vit\u00f3ria do Detran-PB. Segundo o promotor Adrio Leite, n\u00e3o foram detectados focos probat\u00f3rios \u201ccapazes de resultar em responsabiliza\u00e7\u00e3o por improbidade administrativa (Lei n\u00ba 8.429\/92), tampouco identificados, no campo exclusivo de atua\u00e7\u00e3o deste \u00f3rg\u00e3o de execu\u00e7\u00e3o, preju\u00edzos espec\u00edficos ao patrim\u00f4nio p\u00fablico estadual, em face de desaten\u00e7\u00e3o aos princ\u00edpios constitucionais\u201d.<\/p>\n","protected":false},"excerpt":{"rendered":"<p>Empresas privadas credenciadas est\u00e3o autorizadas a auxiliar nos atos preparat\u00f3rios de leil\u00f5es p\u00fablicos a cargo do Departamento Estadual de Tr\u00e2nsito da Para\u00edba (Detran-PB). A decis\u00e3o&hellip; <\/p>\n","protected":false},"author":1,"featured_media":152138,"comment_status":"closed","ping_status":"closed","sticky":false,"template":"","format":"standard","meta":{"sfsi_plus_gutenberg_text_before_share":"","sfsi_plus_gutenberg_show_text_before_share":"","sfsi_plus_gutenberg_icon_type":"","sfsi_plus_gutenberg_icon_alignemt":"","sfsi_plus_gutenburg_max_per_row":"","footnotes":""},"categories":[2],"tags":[],"class_list":["post-152137","post","type-post","status-publish","format-standard","has-post-thumbnail","hentry","category-geral"],"_links":{"self":[{"href":"https:\/\/www.caririemacao.com\/1\/wp-json\/wp\/v2\/posts\/152137","targetHints":{"allow":["GET"]}}],"collection":[{"href":"https:\/\/www.caririemacao.com\/1\/wp-json\/wp\/v2\/posts"}],"about":[{"href":"https:\/\/www.caririemacao.com\/1\/wp-json\/wp\/v2\/types\/post"}],"author":[{"embeddable":true,"href":"https:\/\/www.caririemacao.com\/1\/wp-json\/wp\/v2\/users\/1"}],"replies":[{"embeddable":true,"href":"https:\/\/www.caririemacao.com\/1\/wp-json\/wp\/v2\/comments?post=152137"}],"version-history":[{"count":1,"href":"https:\/\/www.caririemacao.com\/1\/wp-json\/wp\/v2\/posts\/152137\/revisions"}],"predecessor-version":[{"id":152139,"href":"https:\/\/www.caririemacao.com\/1\/wp-json\/wp\/v2\/posts\/152137\/revisions\/152139"}],"wp:featuredmedia":[{"embeddable":true,"href":"https:\/\/www.caririemacao.com\/1\/wp-json\/wp\/v2\/media\/152138"}],"wp:attachment":[{"href":"https:\/\/www.caririemacao.com\/1\/wp-json\/wp\/v2\/media?parent=152137"}],"wp:term":[{"taxonomy":"category","embeddable":true,"href":"https:\/\/www.caririemacao.com\/1\/wp-json\/wp\/v2\/categories?post=152137"},{"taxonomy":"post_tag","embeddable":true,"href":"https:\/\/www.caririemacao.com\/1\/wp-json\/wp\/v2\/tags?post=152137"}],"curies":[{"name":"wp","href":"https:\/\/api.w.org\/{rel}","templated":true}]}}