{"id":152142,"date":"2020-02-07T13:35:27","date_gmt":"2020-02-07T16:35:27","guid":{"rendered":"http:\/\/www.caririemacao.com\/1\/?p=152142"},"modified":"2020-02-08T08:53:34","modified_gmt":"2020-02-08T11:53:34","slug":"secretaria-municipal-de-educacao-encerra-jornada-pedagogica-em-caraubas","status":"publish","type":"post","link":"https:\/\/www.caririemacao.com\/1\/2020\/02\/07\/secretaria-municipal-de-educacao-encerra-jornada-pedagogica-em-caraubas\/","title":{"rendered":"Secretaria Municipal de Educa\u00e7\u00e3o encerra Jornada Pedag\u00f3gica, em Cara\u00fabas"},"content":{"rendered":"\n<p>A Secret\u00e1ria Municipal de Educa\u00e7\u00e3o da cidade de Cara\u00fabas, encerrou nesta \u00faltima quinta-feira (06), a semana da Jornada Pedag\u00f3gica&#8221; realizada para a forma\u00e7\u00e3o de profissionais da educa\u00e7\u00e3o. <br><br>A semana da Jornada Pedag\u00f3gica teve in\u00edcio nessa \u00faltima segunda 03 e foi direcionada  para os professores da rede municipal de ensino, de <br> segunda-feira \u00e0 quinta-feira. <br> Houveram ainda palestras na segunda e quinta-feira, direcionadas para todos os profissionais da secretaria de educa\u00e7\u00e3o. J\u00e1 na ter\u00e7a-feira e quarta-feira, houve a forma\u00e7\u00e3o e o primeiro planejamento do ano letivo apenas com os professores<\/p>\n\n\n\n<p>A semana Pedag\u00f3gica teve in\u00edcio no dia 3 e encerrou no dia 6, envolvendo todos da comunidade. <br><\/p>\n","protected":false},"excerpt":{"rendered":"<p>A Secret\u00e1ria Municipal de Educa\u00e7\u00e3o da cidade de Cara\u00fabas, encerrou nesta \u00faltima quinta-feira (06), a semana da Jornada Pedag\u00f3gica&#8221; realizada para a forma\u00e7\u00e3o de profissionais&hellip; <\/p>\n","protected":false},"author":2,"featured_media":152337,"comment_status":"closed","ping_status":"closed","sticky":false,"template":"","format":"standard","meta":{"sfsi_plus_gutenberg_text_before_share":"","sfsi_plus_gutenberg_show_text_before_share":"","sfsi_plus_gutenberg_icon_type":"","sfsi_plus_gutenberg_icon_alignemt":"","sfsi_plus_gutenburg_max_per_row":"","footnotes":""},"categories":[6,50,14],"tags":[],"class_list":["post-152142","post","type-post","status-publish","format-standard","has-post-thumbnail","hentry","category-cidades","category-destaque","category-educacao"],"_links":{"self":[{"href":"https:\/\/www.caririemacao.com\/1\/wp-json\/wp\/v2\/posts\/152142","targetHints":{"allow":["GET"]}}],"collection":[{"href":"https:\/\/www.caririemacao.com\/1\/wp-json\/wp\/v2\/posts"}],"about":[{"href":"https:\/\/www.caririemacao.com\/1\/wp-json\/wp\/v2\/types\/post"}],"author":[{"embeddable":true,"href":"https:\/\/www.caririemacao.com\/1\/wp-json\/wp\/v2\/users\/2"}],"replies":[{"embeddable":true,"href":"https:\/\/www.caririemacao.com\/1\/wp-json\/wp\/v2\/comments?post=152142"}],"version-history":[{"count":2,"href":"https:\/\/www.caririemacao.com\/1\/wp-json\/wp\/v2\/posts\/152142\/revisions"}],"predecessor-version":[{"id":152333,"href":"https:\/\/www.caririemacao.com\/1\/wp-json\/wp\/v2\/posts\/152142\/revisions\/152333"}],"wp:featuredmedia":[{"embeddable":true,"href":"https:\/\/www.caririemacao.com\/1\/wp-json\/wp\/v2\/media\/152337"}],"wp:attachment":[{"href":"https:\/\/www.caririemacao.com\/1\/wp-json\/wp\/v2\/media?parent=152142"}],"wp:term":[{"taxonomy":"category","embeddable":true,"href":"https:\/\/www.caririemacao.com\/1\/wp-json\/wp\/v2\/categories?post=152142"},{"taxonomy":"post_tag","embeddable":true,"href":"https:\/\/www.caririemacao.com\/1\/wp-json\/wp\/v2\/tags?post=152142"}],"curies":[{"name":"wp","href":"https:\/\/api.w.org\/{rel}","templated":true}]}}