{"id":152146,"date":"2020-02-07T14:40:25","date_gmt":"2020-02-07T17:40:25","guid":{"rendered":"http:\/\/www.caririemacao.com\/1\/?p=152146"},"modified":"2020-02-07T14:40:27","modified_gmt":"2020-02-07T17:40:27","slug":"eduardo-bolsonaro-adia-visita-a-paraiba-e-deve-vir-a-cabedelo-no-mes-de-abril","status":"publish","type":"post","link":"https:\/\/www.caririemacao.com\/1\/2020\/02\/07\/eduardo-bolsonaro-adia-visita-a-paraiba-e-deve-vir-a-cabedelo-no-mes-de-abril\/","title":{"rendered":"Eduardo Bolsonaro adia visita \u00e0 Para\u00edba e deve vir a Cabedelo no m\u00eas de abril"},"content":{"rendered":"\n<p>Eduardo Bolsonaro adiou a visita \u00e0 Para\u00edba, agendada para este in\u00edcio de fevereiro. O deputado federal, filho do presidente Jair Bolsonaro, remarcou a vinda ao Estado para o m\u00eas de abril.<\/p>\n\n\n\n<p>Ele argumentou que, no caso da Para\u00edba, foi ainda mais necess\u00e1rio adiar a agenda porque s\u00f3 conseguiria voo de retorno \u00e0s 17h da sexta-feira. Segundo Eduardo Bolsonaro, dessa forma somente seria poss\u00edvel realizar o evento que aconteceria em Cabedelo no hor\u00e1rio de almo\u00e7o.<\/p>\n\n\n\n<p>Ele alegou que o &#8220;seu pessoal&#8221; trabalha e o ideal \u00e9 fazer o evento ap\u00f3s \u00e0s 17h para reunir mais pessoas.<\/p>\n\n\n\n<p>Eduardo Bolsonaro tamb\u00e9m aditou a visita \u00e0 Bahia e ao Rio Grande do Norte.<\/p>\n","protected":false},"excerpt":{"rendered":"<p>Eduardo Bolsonaro adiou a visita \u00e0 Para\u00edba, agendada para este in\u00edcio de fevereiro. O deputado federal, filho do presidente Jair Bolsonaro, remarcou a vinda ao&hellip; <\/p>\n","protected":false},"author":1,"featured_media":150387,"comment_status":"closed","ping_status":"closed","sticky":false,"template":"","format":"standard","meta":{"sfsi_plus_gutenberg_text_before_share":"","sfsi_plus_gutenberg_show_text_before_share":"","sfsi_plus_gutenberg_icon_type":"","sfsi_plus_gutenberg_icon_alignemt":"","sfsi_plus_gutenburg_max_per_row":"","footnotes":""},"categories":[11],"tags":[],"class_list":["post-152146","post","type-post","status-publish","format-standard","has-post-thumbnail","hentry","category-politica"],"_links":{"self":[{"href":"https:\/\/www.caririemacao.com\/1\/wp-json\/wp\/v2\/posts\/152146","targetHints":{"allow":["GET"]}}],"collection":[{"href":"https:\/\/www.caririemacao.com\/1\/wp-json\/wp\/v2\/posts"}],"about":[{"href":"https:\/\/www.caririemacao.com\/1\/wp-json\/wp\/v2\/types\/post"}],"author":[{"embeddable":true,"href":"https:\/\/www.caririemacao.com\/1\/wp-json\/wp\/v2\/users\/1"}],"replies":[{"embeddable":true,"href":"https:\/\/www.caririemacao.com\/1\/wp-json\/wp\/v2\/comments?post=152146"}],"version-history":[{"count":1,"href":"https:\/\/www.caririemacao.com\/1\/wp-json\/wp\/v2\/posts\/152146\/revisions"}],"predecessor-version":[{"id":152147,"href":"https:\/\/www.caririemacao.com\/1\/wp-json\/wp\/v2\/posts\/152146\/revisions\/152147"}],"wp:featuredmedia":[{"embeddable":true,"href":"https:\/\/www.caririemacao.com\/1\/wp-json\/wp\/v2\/media\/150387"}],"wp:attachment":[{"href":"https:\/\/www.caririemacao.com\/1\/wp-json\/wp\/v2\/media?parent=152146"}],"wp:term":[{"taxonomy":"category","embeddable":true,"href":"https:\/\/www.caririemacao.com\/1\/wp-json\/wp\/v2\/categories?post=152146"},{"taxonomy":"post_tag","embeddable":true,"href":"https:\/\/www.caririemacao.com\/1\/wp-json\/wp\/v2\/tags?post=152146"}],"curies":[{"name":"wp","href":"https:\/\/api.w.org\/{rel}","templated":true}]}}