{"id":152150,"date":"2020-02-07T14:41:48","date_gmt":"2020-02-07T17:41:48","guid":{"rendered":"http:\/\/www.caririemacao.com\/1\/?p=152150"},"modified":"2020-02-07T14:41:49","modified_gmt":"2020-02-07T17:41:49","slug":"stf-derruba-lei-paraibana-e-pessoas-com-cancer-perdem-gratuidade-em-transporte-intermunicipal","status":"publish","type":"post","link":"https:\/\/www.caririemacao.com\/1\/2020\/02\/07\/stf-derruba-lei-paraibana-e-pessoas-com-cancer-perdem-gratuidade-em-transporte-intermunicipal\/","title":{"rendered":"STF derruba lei paraibana e pessoas com c\u00e2ncer perdem gratuidade em transporte intermunicipal"},"content":{"rendered":"\n<p>Quem tem c\u00e2ncer contava com a gratuidade nas passagens intermunicipais na Para\u00edba. Desde que essa lei passou a vigorar em 2010 mais de 4.500 pessoas e 9.000 acompanhantes obtiveram a carteira. O benef\u00edcio ajudava principalmente no transporte&nbsp;de pessoas que vinham do interior para fazer os&nbsp;tratamentos nos hospitais de Jo\u00e3o Pessoa. Agora ap\u00f3s uma decis\u00e3o do Supremo Tribunal Federal (STF) que tornou inconstitucional a lei estadual 9.115\/10 do&nbsp;\u2018Passe Livre\u2019, criada pelo ent\u00e3o deputado Quinto de Santa Rita e sancionada pelo governador da Para\u00edba na \u00e9poca, o atual senador Jos\u00e9 Maranh\u00e3o (MDB) as pessoas j\u00e1 n\u00e3o possuem mais esse direito.&nbsp;<\/p>\n\n\n\n<p>Em 2018, o Sindicato das Empresas de Transporte de Passageiros do Estado da Para\u00edba (Setrans-PB) acionou a Justi\u00e7a contra a medida. No STF, a lei foi declarada inconstitucional por \u201cv\u00edcio de iniciativa\u201d, ou seja, deveria ter sido criada por um Poder, mas foi elaborada por outro.&nbsp;<br><\/p>\n\n\n\n<p>Em entrevista ao Portal ClickPB,&nbsp;o diretor do Instituto de Pol\u00edcia Cient\u00edfica (IPC), Marcelo Burity, disse que o \u00f3rg\u00e3o parou a confec\u00e7\u00e3o das carteiras nesta quinta-feira (7) e que v\u00e1rias pessoas j\u00e1 reclamavam por n\u00e3o conseguir mais a gratuidade mesmo tendo o &#8216;Passe Livre&#8217;.&nbsp;&#8220;Estamos cumprindo a decis\u00e3o do STF, mas as pessoas j\u00e1 reclamavam que estavam sem a gratuidade. Essa decis\u00e3o n\u00e3o cabe mais recurso porque j\u00e1 consta como \u201ctransitado em julgado\u201d e s\u00f3 poderia ser alterado com a cria\u00e7\u00e3o de uma nova lei&#8221;, explicou.&nbsp;<\/p>\n","protected":false},"excerpt":{"rendered":"<p>Quem tem c\u00e2ncer contava com a gratuidade nas passagens intermunicipais na Para\u00edba. Desde que essa lei passou a vigorar em 2010 mais de 4.500 pessoas&hellip; <\/p>\n","protected":false},"author":1,"featured_media":152151,"comment_status":"closed","ping_status":"closed","sticky":false,"template":"","format":"standard","meta":{"sfsi_plus_gutenberg_text_before_share":"","sfsi_plus_gutenberg_show_text_before_share":"","sfsi_plus_gutenberg_icon_type":"","sfsi_plus_gutenberg_icon_alignemt":"","sfsi_plus_gutenburg_max_per_row":"","footnotes":""},"categories":[2],"tags":[],"class_list":["post-152150","post","type-post","status-publish","format-standard","has-post-thumbnail","hentry","category-geral"],"_links":{"self":[{"href":"https:\/\/www.caririemacao.com\/1\/wp-json\/wp\/v2\/posts\/152150","targetHints":{"allow":["GET"]}}],"collection":[{"href":"https:\/\/www.caririemacao.com\/1\/wp-json\/wp\/v2\/posts"}],"about":[{"href":"https:\/\/www.caririemacao.com\/1\/wp-json\/wp\/v2\/types\/post"}],"author":[{"embeddable":true,"href":"https:\/\/www.caririemacao.com\/1\/wp-json\/wp\/v2\/users\/1"}],"replies":[{"embeddable":true,"href":"https:\/\/www.caririemacao.com\/1\/wp-json\/wp\/v2\/comments?post=152150"}],"version-history":[{"count":1,"href":"https:\/\/www.caririemacao.com\/1\/wp-json\/wp\/v2\/posts\/152150\/revisions"}],"predecessor-version":[{"id":152152,"href":"https:\/\/www.caririemacao.com\/1\/wp-json\/wp\/v2\/posts\/152150\/revisions\/152152"}],"wp:featuredmedia":[{"embeddable":true,"href":"https:\/\/www.caririemacao.com\/1\/wp-json\/wp\/v2\/media\/152151"}],"wp:attachment":[{"href":"https:\/\/www.caririemacao.com\/1\/wp-json\/wp\/v2\/media?parent=152150"}],"wp:term":[{"taxonomy":"category","embeddable":true,"href":"https:\/\/www.caririemacao.com\/1\/wp-json\/wp\/v2\/categories?post=152150"},{"taxonomy":"post_tag","embeddable":true,"href":"https:\/\/www.caririemacao.com\/1\/wp-json\/wp\/v2\/tags?post=152150"}],"curies":[{"name":"wp","href":"https:\/\/api.w.org\/{rel}","templated":true}]}}