{"id":152154,"date":"2020-02-07T14:46:20","date_gmt":"2020-02-07T17:46:20","guid":{"rendered":"http:\/\/www.caririemacao.com\/1\/?p=152154"},"modified":"2020-02-07T14:46:22","modified_gmt":"2020-02-07T17:46:22","slug":"por-indicacao-de-lula-luiz-couto-pode-ser-o-candidato-do-pt-a-prefeitura-de-joao-pessoa","status":"publish","type":"post","link":"https:\/\/www.caririemacao.com\/1\/2020\/02\/07\/por-indicacao-de-lula-luiz-couto-pode-ser-o-candidato-do-pt-a-prefeitura-de-joao-pessoa\/","title":{"rendered":"Por indica\u00e7\u00e3o de Lula, Luiz Couto pode ser o candidato do PT \u00e0 prefeitura de Jo\u00e3o Pessoa"},"content":{"rendered":"\n<p>O ex-presidente Lula vai convocar o ex-deputado Luiz Couto para ser o candidato do PT \u00e0 prefeitura de Jo\u00e3o Pessoa, de acordo com o jornalista Lu\u00eds Torres. O presidente estadual do partido, Jackson Mac\u00eado, disse em entrevista ao programa Arapuan Verdade, da&nbsp;r\u00e1dio Arapuan FM, que o partido tem que ter candidatura pr\u00f3pria.<\/p>\n\n\n\n<p>Enquanto isso, a dire\u00e7\u00e3o nacional do PT adiou a reuni\u00e3o com o diret\u00f3rio estadual que deve definir se a alian\u00e7a do partido com o governador Jo\u00e3o Azev\u00eado ser\u00e1 mantida ap\u00f3s ele se filiar ao Cidadania.<\/p>\n\n\n\n<p>De acordo com Jackson Mac\u00eado, para tomar a decis\u00e3o ser\u00e1 necess\u00e1rio aprofundar o debate. &#8220;Temos que conversar mais com a dire\u00e7\u00e3o do partido e entre n\u00f3s&#8221;, disse.<\/p>\n","protected":false},"excerpt":{"rendered":"<p>O ex-presidente Lula vai convocar o ex-deputado Luiz Couto para ser o candidato do PT \u00e0 prefeitura de Jo\u00e3o Pessoa, de acordo com o jornalista&hellip; <\/p>\n","protected":false},"author":1,"featured_media":40408,"comment_status":"closed","ping_status":"closed","sticky":false,"template":"","format":"standard","meta":{"sfsi_plus_gutenberg_text_before_share":"","sfsi_plus_gutenberg_show_text_before_share":"","sfsi_plus_gutenberg_icon_type":"","sfsi_plus_gutenberg_icon_alignemt":"","sfsi_plus_gutenburg_max_per_row":"","footnotes":""},"categories":[11],"tags":[],"class_list":["post-152154","post","type-post","status-publish","format-standard","has-post-thumbnail","hentry","category-politica"],"_links":{"self":[{"href":"https:\/\/www.caririemacao.com\/1\/wp-json\/wp\/v2\/posts\/152154","targetHints":{"allow":["GET"]}}],"collection":[{"href":"https:\/\/www.caririemacao.com\/1\/wp-json\/wp\/v2\/posts"}],"about":[{"href":"https:\/\/www.caririemacao.com\/1\/wp-json\/wp\/v2\/types\/post"}],"author":[{"embeddable":true,"href":"https:\/\/www.caririemacao.com\/1\/wp-json\/wp\/v2\/users\/1"}],"replies":[{"embeddable":true,"href":"https:\/\/www.caririemacao.com\/1\/wp-json\/wp\/v2\/comments?post=152154"}],"version-history":[{"count":1,"href":"https:\/\/www.caririemacao.com\/1\/wp-json\/wp\/v2\/posts\/152154\/revisions"}],"predecessor-version":[{"id":152155,"href":"https:\/\/www.caririemacao.com\/1\/wp-json\/wp\/v2\/posts\/152154\/revisions\/152155"}],"wp:featuredmedia":[{"embeddable":true,"href":"https:\/\/www.caririemacao.com\/1\/wp-json\/wp\/v2\/media\/40408"}],"wp:attachment":[{"href":"https:\/\/www.caririemacao.com\/1\/wp-json\/wp\/v2\/media?parent=152154"}],"wp:term":[{"taxonomy":"category","embeddable":true,"href":"https:\/\/www.caririemacao.com\/1\/wp-json\/wp\/v2\/categories?post=152154"},{"taxonomy":"post_tag","embeddable":true,"href":"https:\/\/www.caririemacao.com\/1\/wp-json\/wp\/v2\/tags?post=152154"}],"curies":[{"name":"wp","href":"https:\/\/api.w.org\/{rel}","templated":true}]}}