{"id":152158,"date":"2020-02-07T14:48:17","date_gmt":"2020-02-07T17:48:17","guid":{"rendered":"http:\/\/www.caririemacao.com\/1\/?p=152158"},"modified":"2020-02-07T14:48:20","modified_gmt":"2020-02-07T17:48:20","slug":"primeiro-ano-de-bolsonaro-mostra-queda-de-beneficiarios-no-bolsa-familia","status":"publish","type":"post","link":"https:\/\/www.caririemacao.com\/1\/2020\/02\/07\/primeiro-ano-de-bolsonaro-mostra-queda-de-beneficiarios-no-bolsa-familia\/","title":{"rendered":"Primeiro ano de Bolsonaro mostra queda de benefici\u00e1rios no Bolsa Fam\u00edlia"},"content":{"rendered":"\n<div class=\"wp-block-image\"><figure class=\"aligncenter\"><a href=\"http:\/\/noticiasemdestaque.com\/cd\/wp-content\/uploads\/2017\/06\/bolsa-familia-1.jpg\"><img decoding=\"async\" data-src=\"http:\/\/noticiasemdestaque.com\/cd\/wp-content\/uploads\/2017\/06\/bolsa-familia-1.jpg\" alt=\"\" class=\"wp-image-686 lazyload\" src=\"data:image\/svg+xml;base64,PHN2ZyB3aWR0aD0iMSIgaGVpZ2h0PSIxIiB4bWxucz0iaHR0cDovL3d3dy53My5vcmcvMjAwMC9zdmciPjwvc3ZnPg==\" \/><\/a><\/figure><\/div>\n\n\n\n<p>A quantidade de pessoas que recebem benef\u00edcios do Bolsa Fam\u00edlia diminuiu em 590 mil, no primeiro ano de Governo do presidente da Rep\u00fablica, Jair Bolsonaro.<\/p>\n\n\n\n<p>Em janeiro de 2019, havia 13,760 milh\u00f5es nomes na folha de pagamento do programa e em dezembro o valor caiu para 13,170 milh\u00f5es. A queda corresponde a 4,3% do total de usu\u00e1rios.<\/p>\n\n\n\n<p>Os dados divulgados s\u00e3o dos N\u00fameros de Identifica\u00e7\u00e3o Social (NIS) \u00fanicos nas folhas de pagamento do Bolsa Fam\u00edlia, disponibilizados no Portal da Transpar\u00eancia.<\/p>\n","protected":false},"excerpt":{"rendered":"<p>A quantidade de pessoas que recebem benef\u00edcios do Bolsa Fam\u00edlia diminuiu em 590 mil, no primeiro ano de Governo do presidente da Rep\u00fablica, Jair Bolsonaro.&hellip; <\/p>\n","protected":false},"author":1,"featured_media":39641,"comment_status":"closed","ping_status":"closed","sticky":false,"template":"","format":"standard","meta":{"sfsi_plus_gutenberg_text_before_share":"","sfsi_plus_gutenberg_show_text_before_share":"","sfsi_plus_gutenberg_icon_type":"","sfsi_plus_gutenberg_icon_alignemt":"","sfsi_plus_gutenburg_max_per_row":"","footnotes":""},"categories":[11],"tags":[],"class_list":["post-152158","post","type-post","status-publish","format-standard","has-post-thumbnail","hentry","category-politica"],"_links":{"self":[{"href":"https:\/\/www.caririemacao.com\/1\/wp-json\/wp\/v2\/posts\/152158","targetHints":{"allow":["GET"]}}],"collection":[{"href":"https:\/\/www.caririemacao.com\/1\/wp-json\/wp\/v2\/posts"}],"about":[{"href":"https:\/\/www.caririemacao.com\/1\/wp-json\/wp\/v2\/types\/post"}],"author":[{"embeddable":true,"href":"https:\/\/www.caririemacao.com\/1\/wp-json\/wp\/v2\/users\/1"}],"replies":[{"embeddable":true,"href":"https:\/\/www.caririemacao.com\/1\/wp-json\/wp\/v2\/comments?post=152158"}],"version-history":[{"count":1,"href":"https:\/\/www.caririemacao.com\/1\/wp-json\/wp\/v2\/posts\/152158\/revisions"}],"predecessor-version":[{"id":152159,"href":"https:\/\/www.caririemacao.com\/1\/wp-json\/wp\/v2\/posts\/152158\/revisions\/152159"}],"wp:featuredmedia":[{"embeddable":true,"href":"https:\/\/www.caririemacao.com\/1\/wp-json\/wp\/v2\/media\/39641"}],"wp:attachment":[{"href":"https:\/\/www.caririemacao.com\/1\/wp-json\/wp\/v2\/media?parent=152158"}],"wp:term":[{"taxonomy":"category","embeddable":true,"href":"https:\/\/www.caririemacao.com\/1\/wp-json\/wp\/v2\/categories?post=152158"},{"taxonomy":"post_tag","embeddable":true,"href":"https:\/\/www.caririemacao.com\/1\/wp-json\/wp\/v2\/tags?post=152158"}],"curies":[{"name":"wp","href":"https:\/\/api.w.org\/{rel}","templated":true}]}}