{"id":152165,"date":"2020-02-07T14:52:02","date_gmt":"2020-02-07T17:52:02","guid":{"rendered":"http:\/\/www.caririemacao.com\/1\/?p=152165"},"modified":"2020-02-07T14:52:04","modified_gmt":"2020-02-07T17:52:04","slug":"comeca-convocacao-para-lista-de-espera-do-sisu-2020","status":"publish","type":"post","link":"https:\/\/www.caririemacao.com\/1\/2020\/02\/07\/comeca-convocacao-para-lista-de-espera-do-sisu-2020\/","title":{"rendered":"Come\u00e7a convoca\u00e7\u00e3o para lista de espera do Sisu 2020"},"content":{"rendered":"\n<p>As convoca\u00e7\u00f5es da lista de espera do Sistema de Sele\u00e7\u00e3o Unificada (<a href=\"https:\/\/sisu.mec.gov.br\/#\/\" target=\"_blank\" rel=\"noreferrer noopener\">Sisu<\/a>) do primeiro semestre de 2020 come\u00e7am nesta sexta-feira (7).<\/p>\n\n\n\n<p>Para acompanhar as pr\u00f3ximas chamadas os candidatos precisam verificar as convocat\u00f3rias que ser\u00e3o realizadas pelas institui\u00e7\u00f5es de ensino superior onde manifestaram interesse em participar dessa etapa. Cada institui\u00e7\u00e3o possui um cronograma pr\u00f3prio.<\/p>\n\n\n\n<p>A ades\u00e3o para a lista de espera do Sisu come\u00e7ou em 29 de janeiro e permaneceu aberta at\u00e9 4 de fevereiro. Os candidatos que se inscreveram no sistema de sele\u00e7\u00e3o, mas que n\u00e3o foram selecionados em nenhuma das op\u00e7\u00f5es de curso, tiveram a chance de participar da lista de espera.<\/p>\n\n\n\n<h2 class=\"wp-block-heading\">Sisu<\/h2>\n\n\n\n<p>O Sisu \u00e9 uma das formas de ingresso \u00e0 educa\u00e7\u00e3o superior com a nota do Enem. Trata-se do sistema informatizado do MEC por meio do qual institui\u00e7\u00f5es p\u00fablicas de ensino superior oferecem vagas a participantes do exame. Quem n\u00e3o conseguir uma vaga pelo Sisu, pode tentar uma vaga pelos vestibulares tradicionais.<\/p>\n\n\n\n<p>H\u00e1 ainda o Programa Universidade para Todos (ProUni), que oferta bolsas integrais e parciais (50%) em institui\u00e7\u00f5es privadas, o Fundo de Financiamento Estudantil (Fies) e o Programa de Financiamento Estudantil (P-Fies), para financiar o valor da gradua\u00e7\u00e3o.<\/p>\n\n\n\n<p>Fonte: Ag\u00eancia Brasil<\/p>\n","protected":false},"excerpt":{"rendered":"<p>As convoca\u00e7\u00f5es da lista de espera do Sistema de Sele\u00e7\u00e3o Unificada (Sisu) do primeiro semestre de 2020 come\u00e7am nesta sexta-feira (7). Para acompanhar as pr\u00f3ximas&hellip; <\/p>\n","protected":false},"author":1,"featured_media":149896,"comment_status":"closed","ping_status":"closed","sticky":false,"template":"","format":"standard","meta":{"sfsi_plus_gutenberg_text_before_share":"","sfsi_plus_gutenberg_show_text_before_share":"","sfsi_plus_gutenberg_icon_type":"","sfsi_plus_gutenberg_icon_alignemt":"","sfsi_plus_gutenburg_max_per_row":"","footnotes":""},"categories":[14],"tags":[],"class_list":["post-152165","post","type-post","status-publish","format-standard","has-post-thumbnail","hentry","category-educacao"],"_links":{"self":[{"href":"https:\/\/www.caririemacao.com\/1\/wp-json\/wp\/v2\/posts\/152165","targetHints":{"allow":["GET"]}}],"collection":[{"href":"https:\/\/www.caririemacao.com\/1\/wp-json\/wp\/v2\/posts"}],"about":[{"href":"https:\/\/www.caririemacao.com\/1\/wp-json\/wp\/v2\/types\/post"}],"author":[{"embeddable":true,"href":"https:\/\/www.caririemacao.com\/1\/wp-json\/wp\/v2\/users\/1"}],"replies":[{"embeddable":true,"href":"https:\/\/www.caririemacao.com\/1\/wp-json\/wp\/v2\/comments?post=152165"}],"version-history":[{"count":1,"href":"https:\/\/www.caririemacao.com\/1\/wp-json\/wp\/v2\/posts\/152165\/revisions"}],"predecessor-version":[{"id":152166,"href":"https:\/\/www.caririemacao.com\/1\/wp-json\/wp\/v2\/posts\/152165\/revisions\/152166"}],"wp:featuredmedia":[{"embeddable":true,"href":"https:\/\/www.caririemacao.com\/1\/wp-json\/wp\/v2\/media\/149896"}],"wp:attachment":[{"href":"https:\/\/www.caririemacao.com\/1\/wp-json\/wp\/v2\/media?parent=152165"}],"wp:term":[{"taxonomy":"category","embeddable":true,"href":"https:\/\/www.caririemacao.com\/1\/wp-json\/wp\/v2\/categories?post=152165"},{"taxonomy":"post_tag","embeddable":true,"href":"https:\/\/www.caririemacao.com\/1\/wp-json\/wp\/v2\/tags?post=152165"}],"curies":[{"name":"wp","href":"https:\/\/api.w.org\/{rel}","templated":true}]}}