{"id":152170,"date":"2020-02-07T15:35:16","date_gmt":"2020-02-07T18:35:16","guid":{"rendered":"http:\/\/www.caririemacao.com\/1\/?p=152170"},"modified":"2020-02-07T15:35:17","modified_gmt":"2020-02-07T18:35:17","slug":"chega-a-cidade-de-sume-o-programa-eficiencia-energetica-da-energisa","status":"publish","type":"post","link":"https:\/\/www.caririemacao.com\/1\/2020\/02\/07\/chega-a-cidade-de-sume-o-programa-eficiencia-energetica-da-energisa\/","title":{"rendered":"Chega \u00e0 cidade de Sum\u00e9, o Programa \u201cEfici\u00eancia Energ\u00e9tica&#8221;, da Energisa"},"content":{"rendered":"\n<p>O Programa \u201cEfici\u00eancia Energ\u00e9tica&#8221;, da Energisa, est\u00e1 na cidade de Sum\u00e9 desde essa quinta-feira (06), com diversas a\u00e7\u00f5es voltadas para o p\u00fablico de baixa renda cujo objetivo \u00e9 conscientizar a popula\u00e7\u00e3o sobre o uso racional e seguro da energia el\u00e9trica.<br>O Projeto &#8220;Nossa Energia&#8221; acontece na Pra\u00e7a Jos\u00e9 Am\u00e9rico, das 8h30 \u00e0s 17h e segue at\u00e9 s\u00e1bado, 08.<br> No local est\u00e3o ocorrendo substitui\u00e7\u00e3o de l\u00e2mpadas antigas por modelos mais econ\u00f4micos, palestras educativas, cadastro de clientes na Tarifa Social de<br> Energia, brindes, distribui\u00e7\u00e3o de pipocas e algod\u00e3o doce, exibi\u00e7\u00e3o de filmes e teatro.<br> A iniciativa visa conscientizar as pessoas sobre mudan\u00e7a de h\u00e1bitos.<br><\/p>\n\n\n\n<p>Informa\u00e7\u00f5es: Prefeitura de SUM\u00c9<br><\/p>\n","protected":false},"excerpt":{"rendered":"<p>O Programa \u201cEfici\u00eancia Energ\u00e9tica&#8221;, da Energisa, est\u00e1 na cidade de Sum\u00e9 desde essa quinta-feira (06), com diversas a\u00e7\u00f5es voltadas para o p\u00fablico de baixa renda&hellip; <\/p>\n","protected":false},"author":2,"featured_media":152171,"comment_status":"closed","ping_status":"closed","sticky":false,"template":"","format":"standard","meta":{"sfsi_plus_gutenberg_text_before_share":"","sfsi_plus_gutenberg_show_text_before_share":"","sfsi_plus_gutenberg_icon_type":"","sfsi_plus_gutenberg_icon_alignemt":"","sfsi_plus_gutenburg_max_per_row":"","footnotes":""},"categories":[6,50],"tags":[],"class_list":["post-152170","post","type-post","status-publish","format-standard","has-post-thumbnail","hentry","category-cidades","category-destaque"],"_links":{"self":[{"href":"https:\/\/www.caririemacao.com\/1\/wp-json\/wp\/v2\/posts\/152170","targetHints":{"allow":["GET"]}}],"collection":[{"href":"https:\/\/www.caririemacao.com\/1\/wp-json\/wp\/v2\/posts"}],"about":[{"href":"https:\/\/www.caririemacao.com\/1\/wp-json\/wp\/v2\/types\/post"}],"author":[{"embeddable":true,"href":"https:\/\/www.caririemacao.com\/1\/wp-json\/wp\/v2\/users\/2"}],"replies":[{"embeddable":true,"href":"https:\/\/www.caririemacao.com\/1\/wp-json\/wp\/v2\/comments?post=152170"}],"version-history":[{"count":1,"href":"https:\/\/www.caririemacao.com\/1\/wp-json\/wp\/v2\/posts\/152170\/revisions"}],"predecessor-version":[{"id":152172,"href":"https:\/\/www.caririemacao.com\/1\/wp-json\/wp\/v2\/posts\/152170\/revisions\/152172"}],"wp:featuredmedia":[{"embeddable":true,"href":"https:\/\/www.caririemacao.com\/1\/wp-json\/wp\/v2\/media\/152171"}],"wp:attachment":[{"href":"https:\/\/www.caririemacao.com\/1\/wp-json\/wp\/v2\/media?parent=152170"}],"wp:term":[{"taxonomy":"category","embeddable":true,"href":"https:\/\/www.caririemacao.com\/1\/wp-json\/wp\/v2\/categories?post=152170"},{"taxonomy":"post_tag","embeddable":true,"href":"https:\/\/www.caririemacao.com\/1\/wp-json\/wp\/v2\/tags?post=152170"}],"curies":[{"name":"wp","href":"https:\/\/api.w.org\/{rel}","templated":true}]}}