{"id":152173,"date":"2020-02-07T16:43:31","date_gmt":"2020-02-07T19:43:31","guid":{"rendered":"http:\/\/www.caririemacao.com\/1\/?p=152173"},"modified":"2020-02-08T07:45:55","modified_gmt":"2020-02-08T10:45:55","slug":"secretaria-de-educacao-promove-o-8-encontro-pedagogico-em-ouro-velho","status":"publish","type":"post","link":"https:\/\/www.caririemacao.com\/1\/2020\/02\/07\/secretaria-de-educacao-promove-o-8-encontro-pedagogico-em-ouro-velho\/","title":{"rendered":"Secretaria de Educa\u00e7\u00e3o promove o 8\u00b0 Encontro Pedag\u00f3gico em Ouro Velho"},"content":{"rendered":"\n<p>A Secretaria de Educa\u00e7\u00e3o de Ouro Velho promoveu esta semana o 8\u00b0 Encontro  Pedag\u00f3gico da Rede Municipal de Ensino, 2020. A respons\u00e1vel pela organiza\u00e7\u00e3o da evento foi a Secret\u00e1ria de Educa\u00e7\u00e3o, Edjane Cabral. O evento teve in\u00edcio nesta sexta-feira (07), \u00e0s 08:h 15mim at\u00e9 \u00e0s 16:h 30mim. <\/p>\n\n\n\n<p>Estiveram presentes neste encontro, professores, diretores, servidores e demais profissionais da Educa\u00e7\u00e3o.<img decoding=\"async\" width=\"150\" height=\"113\" class=\"wp-image-152184 lazyload\" style=\"--smush-placeholder-width: 150px; --smush-placeholder-aspect-ratio: 150\/113;width: 150px;\" data-src=\"http:\/\/www.caririemacao.com\/1\/wp-content\/uploads\/2020\/02\/IMG-20200207-WA0112.jpg\" alt=\"\" data-srcset=\"https:\/\/www.caririemacao.com\/1\/wp-content\/uploads\/2020\/02\/IMG-20200207-WA0112.jpg 1032w, https:\/\/www.caririemacao.com\/1\/wp-content\/uploads\/2020\/02\/IMG-20200207-WA0112-300x225.jpg 300w, https:\/\/www.caririemacao.com\/1\/wp-content\/uploads\/2020\/02\/IMG-20200207-WA0112-1024x768.jpg 1024w, https:\/\/www.caririemacao.com\/1\/wp-content\/uploads\/2020\/02\/IMG-20200207-WA0112-768x576.jpg 768w\" data-sizes=\"(max-width: 150px) 100vw, 150px\" src=\"data:image\/svg+xml;base64,PHN2ZyB3aWR0aD0iMSIgaGVpZ2h0PSIxIiB4bWxucz0iaHR0cDovL3d3dy53My5vcmcvMjAwMC9zdmciPjwvc3ZnPg==\" \/><img decoding=\"async\" width=\"150\" height=\"200\" class=\"wp-image-152185 lazyload\" style=\"--smush-placeholder-width: 150px; --smush-placeholder-aspect-ratio: 150\/200;width: 150px;\" data-src=\"http:\/\/www.caririemacao.com\/1\/wp-content\/uploads\/2020\/02\/IMG-20200207-WA0111.jpg\" alt=\"\" data-srcset=\"https:\/\/www.caririemacao.com\/1\/wp-content\/uploads\/2020\/02\/IMG-20200207-WA0111.jpg 780w, https:\/\/www.caririemacao.com\/1\/wp-content\/uploads\/2020\/02\/IMG-20200207-WA0111-225x300.jpg 225w, https:\/\/www.caririemacao.com\/1\/wp-content\/uploads\/2020\/02\/IMG-20200207-WA0111-768x1024.jpg 768w\" data-sizes=\"(max-width: 150px) 100vw, 150px\" src=\"data:image\/svg+xml;base64,PHN2ZyB3aWR0aD0iMSIgaGVpZ2h0PSIxIiB4bWxucz0iaHR0cDovL3d3dy53My5vcmcvMjAwMC9zdmciPjwvc3ZnPg==\" \/><\/p>\n\n\n\n<p>O evento dividiu-se em tr\u00eas momentos: primeiro ocorreu a entrega dos kits para professores, depois houverq v\u00e1rias palestras e por \u00faltimo o Coffe Breack. <img decoding=\"async\" width=\"150\" height=\"200\" class=\"wp-image-152186 lazyload\" style=\"--smush-placeholder-width: 150px; --smush-placeholder-aspect-ratio: 150\/200;width: 150px;\" data-src=\"http:\/\/www.caririemacao.com\/1\/wp-content\/uploads\/2020\/02\/IMG-20200207-WA0107.jpg\" alt=\"\" data-srcset=\"https:\/\/www.caririemacao.com\/1\/wp-content\/uploads\/2020\/02\/IMG-20200207-WA0107.jpg 780w, https:\/\/www.caririemacao.com\/1\/wp-content\/uploads\/2020\/02\/IMG-20200207-WA0107-225x300.jpg 225w, https:\/\/www.caririemacao.com\/1\/wp-content\/uploads\/2020\/02\/IMG-20200207-WA0107-768x1024.jpg 768w\" data-sizes=\"(max-width: 150px) 100vw, 150px\" src=\"data:image\/svg+xml;base64,PHN2ZyB3aWR0aD0iMSIgaGVpZ2h0PSIxIiB4bWxucz0iaHR0cDovL3d3dy53My5vcmcvMjAwMC9zdmciPjwvc3ZnPg==\" \/><\/p>\n\n\n\n<p> As palestras dividiram-se em tr\u00eas: uma antes do almo\u00e7o chamada, Palestra Master I: A inova\u00e7\u00e3o nas pr\u00e1ticas pedag\u00f3gicas, tendo como palestrante a Prof. Esp. Lidiane Quirino. A segunda palestra ocorreu ap\u00f3s o almo\u00e7o, Palestra Master II: Reflex\u00e3o sobre forma\u00e7\u00e3o de leitor, tendo como palestrante: Prof. Dr. Marcelo Medeiros. <img decoding=\"async\" width=\"150\" height=\"113\" class=\"wp-image-152188 lazyload\" style=\"--smush-placeholder-width: 150px; --smush-placeholder-aspect-ratio: 150\/113;width: 150px;\" data-src=\"http:\/\/www.caririemacao.com\/1\/wp-content\/uploads\/2020\/02\/IMG-20200207-WA0104.jpg\" alt=\"\" data-srcset=\"https:\/\/www.caririemacao.com\/1\/wp-content\/uploads\/2020\/02\/IMG-20200207-WA0104.jpg 1280w, https:\/\/www.caririemacao.com\/1\/wp-content\/uploads\/2020\/02\/IMG-20200207-WA0104-300x225.jpg 300w, https:\/\/www.caririemacao.com\/1\/wp-content\/uploads\/2020\/02\/IMG-20200207-WA0104-1024x768.jpg 1024w, https:\/\/www.caririemacao.com\/1\/wp-content\/uploads\/2020\/02\/IMG-20200207-WA0104-768x576.jpg 768w\" data-sizes=\"(max-width: 150px) 100vw, 150px\" src=\"data:image\/svg+xml;base64,PHN2ZyB3aWR0aD0iMSIgaGVpZ2h0PSIxIiB4bWxucz0iaHR0cDovL3d3dy53My5vcmcvMjAwMC9zdmciPjwvc3ZnPg==\" \/><img decoding=\"async\" width=\"150\" height=\"113\" class=\"wp-image-152191 lazyload\" style=\"--smush-placeholder-width: 150px; --smush-placeholder-aspect-ratio: 150\/113;width: 150px;\" data-src=\"http:\/\/www.caririemacao.com\/1\/wp-content\/uploads\/2020\/02\/IMG-20200207-WA0097.jpg\" alt=\"\" data-srcset=\"https:\/\/www.caririemacao.com\/1\/wp-content\/uploads\/2020\/02\/IMG-20200207-WA0097.jpg 1040w, https:\/\/www.caririemacao.com\/1\/wp-content\/uploads\/2020\/02\/IMG-20200207-WA0097-300x225.jpg 300w, https:\/\/www.caririemacao.com\/1\/wp-content\/uploads\/2020\/02\/IMG-20200207-WA0097-1024x768.jpg 1024w, https:\/\/www.caririemacao.com\/1\/wp-content\/uploads\/2020\/02\/IMG-20200207-WA0097-768x576.jpg 768w\" data-sizes=\"(max-width: 150px) 100vw, 150px\" src=\"data:image\/svg+xml;base64,PHN2ZyB3aWR0aD0iMSIgaGVpZ2h0PSIxIiB4bWxucz0iaHR0cDovL3d3dy53My5vcmcvMjAwMC9zdmciPjwvc3ZnPg==\" \/><\/p>\n\n\n\n<p>E para encerrar, a \u00faltima palestra tratou sobre a &#8220;Atividade pr\u00e1tica: como elaborar projetos&#8221;. Com o palestrante: Allyson Prata. <br> E para finalizar, os professores receberam os certificados de forma\u00e7\u00e3o. <img decoding=\"async\" width=\"150\" height=\"200\" class=\"wp-image-152197 lazyload\" style=\"--smush-placeholder-width: 150px; --smush-placeholder-aspect-ratio: 150\/200;width: 150px;\" data-src=\"http:\/\/www.caririemacao.com\/1\/wp-content\/uploads\/2020\/02\/IMG-20200207-WA0123.jpg\" alt=\"\" data-srcset=\"https:\/\/www.caririemacao.com\/1\/wp-content\/uploads\/2020\/02\/IMG-20200207-WA0123.jpg 774w, https:\/\/www.caririemacao.com\/1\/wp-content\/uploads\/2020\/02\/IMG-20200207-WA0123-225x300.jpg 225w, https:\/\/www.caririemacao.com\/1\/wp-content\/uploads\/2020\/02\/IMG-20200207-WA0123-768x1024.jpg 768w\" data-sizes=\"(max-width: 150px) 100vw, 150px\" src=\"data:image\/svg+xml;base64,PHN2ZyB3aWR0aD0iMSIgaGVpZ2h0PSIxIiB4bWxucz0iaHR0cDovL3d3dy53My5vcmcvMjAwMC9zdmciPjwvc3ZnPg==\" \/><\/p>\n","protected":false},"excerpt":{"rendered":"<p>A Secretaria de Educa\u00e7\u00e3o de Ouro Velho promoveu esta semana o 8\u00b0 Encontro Pedag\u00f3gico da Rede Municipal de Ensino, 2020. A respons\u00e1vel pela organiza\u00e7\u00e3o da&hellip; <\/p>\n","protected":false},"author":2,"featured_media":152174,"comment_status":"closed","ping_status":"closed","sticky":false,"template":"","format":"standard","meta":{"sfsi_plus_gutenberg_text_before_share":"","sfsi_plus_gutenberg_show_text_before_share":"","sfsi_plus_gutenberg_icon_type":"","sfsi_plus_gutenberg_icon_alignemt":"","sfsi_plus_gutenburg_max_per_row":"","footnotes":""},"categories":[50,14],"tags":[],"class_list":["post-152173","post","type-post","status-publish","format-standard","has-post-thumbnail","hentry","category-destaque","category-educacao"],"_links":{"self":[{"href":"https:\/\/www.caririemacao.com\/1\/wp-json\/wp\/v2\/posts\/152173","targetHints":{"allow":["GET"]}}],"collection":[{"href":"https:\/\/www.caririemacao.com\/1\/wp-json\/wp\/v2\/posts"}],"about":[{"href":"https:\/\/www.caririemacao.com\/1\/wp-json\/wp\/v2\/types\/post"}],"author":[{"embeddable":true,"href":"https:\/\/www.caririemacao.com\/1\/wp-json\/wp\/v2\/users\/2"}],"replies":[{"embeddable":true,"href":"https:\/\/www.caririemacao.com\/1\/wp-json\/wp\/v2\/comments?post=152173"}],"version-history":[{"count":3,"href":"https:\/\/www.caririemacao.com\/1\/wp-json\/wp\/v2\/posts\/152173\/revisions"}],"predecessor-version":[{"id":152263,"href":"https:\/\/www.caririemacao.com\/1\/wp-json\/wp\/v2\/posts\/152173\/revisions\/152263"}],"wp:featuredmedia":[{"embeddable":true,"href":"https:\/\/www.caririemacao.com\/1\/wp-json\/wp\/v2\/media\/152174"}],"wp:attachment":[{"href":"https:\/\/www.caririemacao.com\/1\/wp-json\/wp\/v2\/media?parent=152173"}],"wp:term":[{"taxonomy":"category","embeddable":true,"href":"https:\/\/www.caririemacao.com\/1\/wp-json\/wp\/v2\/categories?post=152173"},{"taxonomy":"post_tag","embeddable":true,"href":"https:\/\/www.caririemacao.com\/1\/wp-json\/wp\/v2\/tags?post=152173"}],"curies":[{"name":"wp","href":"https:\/\/api.w.org\/{rel}","templated":true}]}}