{"id":152203,"date":"2020-02-07T22:18:59","date_gmt":"2020-02-08T01:18:59","guid":{"rendered":"http:\/\/www.caririemacao.com\/1\/?p=152203"},"modified":"2020-02-07T22:20:26","modified_gmt":"2020-02-08T01:20:26","slug":"vice-prefeito-de-ouro-velho-emite-nota-de-pesar-pelo-falecimento-de-antonio-romao","status":"publish","type":"post","link":"https:\/\/www.caririemacao.com\/1\/2020\/02\/07\/vice-prefeito-de-ouro-velho-emite-nota-de-pesar-pelo-falecimento-de-antonio-romao\/","title":{"rendered":"Vice-prefeito de Ouro Velho emite Nota de Pesar pelo falecimento de Antonio Rom\u00e3o"},"content":{"rendered":"\n<p>O vice-prefeito de Ouro Velho, Fl\u00e1vio Henrique, emitiu uma Nota de Pesar pelo falecimento do ourovelhense Antonio Rom\u00e3o.<\/p>\n\n\n\n<p>Na nota, Fl\u00e1vio Henrique, se solidariza com a fam\u00edlia do senhor Antonio Rom\u00e3o que era agente fiscal aposentado e que morava em Campina Grande. <\/p>\n\n\n\n<p>&#8220;Um homem dedicado a fam\u00edlia e que amava sua cidade. Nos deixa um legado de homem p\u00fablico e amigo&#8221;, comentou.<\/p>\n\n\n\n<p>O vel\u00f3rio do senhor Antonio Rom\u00e3o ser\u00e1 no Plen\u00e1rio da C\u00e2mara de Vereadores de Ouro Velho e seu sepultamento neste s\u00e1bado.<\/p>\n","protected":false},"excerpt":{"rendered":"<p>O vice-prefeito de Ouro Velho, Fl\u00e1vio Henrique, emitiu uma Nota de Pesar pelo falecimento do ourovelhense Antonio Rom\u00e3o. Na nota, Fl\u00e1vio Henrique, se solidariza com&hellip; <\/p>\n","protected":false},"author":1,"featured_media":152204,"comment_status":"closed","ping_status":"closed","sticky":false,"template":"","format":"standard","meta":{"sfsi_plus_gutenberg_text_before_share":"","sfsi_plus_gutenberg_show_text_before_share":"","sfsi_plus_gutenberg_icon_type":"","sfsi_plus_gutenberg_icon_alignemt":"","sfsi_plus_gutenburg_max_per_row":"","footnotes":""},"categories":[50,2],"tags":[],"class_list":["post-152203","post","type-post","status-publish","format-standard","has-post-thumbnail","hentry","category-destaque","category-geral"],"_links":{"self":[{"href":"https:\/\/www.caririemacao.com\/1\/wp-json\/wp\/v2\/posts\/152203","targetHints":{"allow":["GET"]}}],"collection":[{"href":"https:\/\/www.caririemacao.com\/1\/wp-json\/wp\/v2\/posts"}],"about":[{"href":"https:\/\/www.caririemacao.com\/1\/wp-json\/wp\/v2\/types\/post"}],"author":[{"embeddable":true,"href":"https:\/\/www.caririemacao.com\/1\/wp-json\/wp\/v2\/users\/1"}],"replies":[{"embeddable":true,"href":"https:\/\/www.caririemacao.com\/1\/wp-json\/wp\/v2\/comments?post=152203"}],"version-history":[{"count":2,"href":"https:\/\/www.caririemacao.com\/1\/wp-json\/wp\/v2\/posts\/152203\/revisions"}],"predecessor-version":[{"id":152206,"href":"https:\/\/www.caririemacao.com\/1\/wp-json\/wp\/v2\/posts\/152203\/revisions\/152206"}],"wp:featuredmedia":[{"embeddable":true,"href":"https:\/\/www.caririemacao.com\/1\/wp-json\/wp\/v2\/media\/152204"}],"wp:attachment":[{"href":"https:\/\/www.caririemacao.com\/1\/wp-json\/wp\/v2\/media?parent=152203"}],"wp:term":[{"taxonomy":"category","embeddable":true,"href":"https:\/\/www.caririemacao.com\/1\/wp-json\/wp\/v2\/categories?post=152203"},{"taxonomy":"post_tag","embeddable":true,"href":"https:\/\/www.caririemacao.com\/1\/wp-json\/wp\/v2\/tags?post=152203"}],"curies":[{"name":"wp","href":"https:\/\/api.w.org\/{rel}","templated":true}]}}