{"id":152207,"date":"2020-02-07T22:47:06","date_gmt":"2020-02-08T01:47:06","guid":{"rendered":"http:\/\/www.caririemacao.com\/1\/?p=152207"},"modified":"2020-02-07T22:47:07","modified_gmt":"2020-02-08T01:47:07","slug":"prefeitura-de-amparo-anuncia-programa-de-melhorias-sanitarias-a-comunidades-rurais","status":"publish","type":"post","link":"https:\/\/www.caririemacao.com\/1\/2020\/02\/07\/prefeitura-de-amparo-anuncia-programa-de-melhorias-sanitarias-a-comunidades-rurais\/","title":{"rendered":"Prefeitura de Amparo anuncia Programa de Melhorias Sanit\u00e1rias \u00e0 comunidades  rurais"},"content":{"rendered":"\n<p><br> A prefeitura municipal da cidade de Amparo, por meio do conv\u00eanio celebrado com a Funda\u00e7\u00e3o Nacional de<br> Sa\u00fade (Funasa), anunciou em rede social na noite desta sexta-feira (07), que est\u00e1 implantando no munic\u00edpio o Programa de Melhorias Sanit\u00e1rias.<\/p>\n\n\n\n<p> O Programa de Melhorias Sanit\u00e1rias de acordo com a prefeitura, \u00e9 uma interven\u00e7\u00e3o promovida nos domic\u00edlios, com objetivo de atender \u00e0 necessidades b\u00e1sicas de saneamento das fam\u00edlias,<br> por meio de instala\u00e7\u00f5es hidrossanit\u00e1rias m\u00ednimas, relacionadas ao uso da \u00e1gua, \u00e0 higiene e ao destino adequado dos esgotos domiciliares.<br> O programa atender\u00e1 diversas comunidades da \u00e1rea rural do munic\u00edpio. Para o prefeito In\u00e1cio N\u00f3brega,<br> sua gest\u00e3o tem o prop\u00f3sito de levar dignidade \u00e0 todos os mun\u00edcipes de forma igualit\u00e1ria.<br><\/p>\n","protected":false},"excerpt":{"rendered":"<p>A prefeitura municipal da cidade de Amparo, por meio do conv\u00eanio celebrado com a Funda\u00e7\u00e3o Nacional de Sa\u00fade (Funasa), anunciou em rede social na noite&hellip; <\/p>\n","protected":false},"author":2,"featured_media":152208,"comment_status":"closed","ping_status":"closed","sticky":false,"template":"","format":"standard","meta":{"sfsi_plus_gutenberg_text_before_share":"","sfsi_plus_gutenberg_show_text_before_share":"","sfsi_plus_gutenberg_icon_type":"","sfsi_plus_gutenberg_icon_alignemt":"","sfsi_plus_gutenburg_max_per_row":"","footnotes":""},"categories":[6,50],"tags":[],"class_list":["post-152207","post","type-post","status-publish","format-standard","has-post-thumbnail","hentry","category-cidades","category-destaque"],"_links":{"self":[{"href":"https:\/\/www.caririemacao.com\/1\/wp-json\/wp\/v2\/posts\/152207","targetHints":{"allow":["GET"]}}],"collection":[{"href":"https:\/\/www.caririemacao.com\/1\/wp-json\/wp\/v2\/posts"}],"about":[{"href":"https:\/\/www.caririemacao.com\/1\/wp-json\/wp\/v2\/types\/post"}],"author":[{"embeddable":true,"href":"https:\/\/www.caririemacao.com\/1\/wp-json\/wp\/v2\/users\/2"}],"replies":[{"embeddable":true,"href":"https:\/\/www.caririemacao.com\/1\/wp-json\/wp\/v2\/comments?post=152207"}],"version-history":[{"count":1,"href":"https:\/\/www.caririemacao.com\/1\/wp-json\/wp\/v2\/posts\/152207\/revisions"}],"predecessor-version":[{"id":152209,"href":"https:\/\/www.caririemacao.com\/1\/wp-json\/wp\/v2\/posts\/152207\/revisions\/152209"}],"wp:featuredmedia":[{"embeddable":true,"href":"https:\/\/www.caririemacao.com\/1\/wp-json\/wp\/v2\/media\/152208"}],"wp:attachment":[{"href":"https:\/\/www.caririemacao.com\/1\/wp-json\/wp\/v2\/media?parent=152207"}],"wp:term":[{"taxonomy":"category","embeddable":true,"href":"https:\/\/www.caririemacao.com\/1\/wp-json\/wp\/v2\/categories?post=152207"},{"taxonomy":"post_tag","embeddable":true,"href":"https:\/\/www.caririemacao.com\/1\/wp-json\/wp\/v2\/tags?post=152207"}],"curies":[{"name":"wp","href":"https:\/\/api.w.org\/{rel}","templated":true}]}}