{"id":152210,"date":"2020-02-07T23:16:14","date_gmt":"2020-02-08T02:16:14","guid":{"rendered":"http:\/\/www.caririemacao.com\/1\/?p=152210"},"modified":"2020-02-07T23:16:15","modified_gmt":"2020-02-08T02:16:15","slug":"prefeito-de-sao-jose-dos-cordeiros-participa-de-reuniao-e-ouve-demandas-de-moradores-das-comunidades","status":"publish","type":"post","link":"https:\/\/www.caririemacao.com\/1\/2020\/02\/07\/prefeito-de-sao-jose-dos-cordeiros-participa-de-reuniao-e-ouve-demandas-de-moradores-das-comunidades\/","title":{"rendered":"Prefeito de S\u00e3o Jos\u00e9 dos Cordeiros participa de reuni\u00e3o e ouve demandas de moradores das comunidades"},"content":{"rendered":"\n<p>O prefeito Jefferson Roberto de S\u00e3o Jos\u00e9 dos Cordeiros participa de reuni\u00e3o na associa\u00e7\u00e3o da comunidade Cardoso.<br> Onde aproveitou o momento para ouvir as  demandas dos moradores,  tanto da comunidade Cardoso, como das comunidades de Cazuzinha e Jureminha. <\/p>\n\n\n\n<p>O prefeito Jefferson tamb\u00e9m aproveitou a oportunidade para divulgar as a\u00e7\u00f5es da sua gest\u00e3o e firmar o compromisso nas futuras demandas apresentadas pelos moradores. <\/p>\n\n\n\n<p>De acordo com o prefeito, esse seria o verdadeiro sentido de fazer pol\u00edtica p\u00fablica: &#8220;o estar pr\u00f3ximo as pessoas, discutir e debater assuntos que realmente podem melhorar a vida das delas&#8221;. <br> &#8220;Agrade\u00e7o a todos voc\u00eas que estiveram presentes e a minha amiga @leitepaolla que Deus continue te aben\u00e7oando e vamos a luta&#8221;.  <\/p>\n\n\n\n<p> <img decoding=\"async\" width=\"150\" height=\"116\" class=\"wp-image-152212 lazyload\" style=\"--smush-placeholder-width: 150px; --smush-placeholder-aspect-ratio: 150\/116;width: 150px;\" data-src=\"http:\/\/www.caririemacao.com\/1\/wp-content\/uploads\/2020\/02\/InShot_20200207_231248897.jpg\" alt=\"\" data-srcset=\"https:\/\/www.caririemacao.com\/1\/wp-content\/uploads\/2020\/02\/InShot_20200207_231248897.jpg 2490w, https:\/\/www.caririemacao.com\/1\/wp-content\/uploads\/2020\/02\/InShot_20200207_231248897-300x231.jpg 300w, https:\/\/www.caririemacao.com\/1\/wp-content\/uploads\/2020\/02\/InShot_20200207_231248897-1024x790.jpg 1024w, https:\/\/www.caririemacao.com\/1\/wp-content\/uploads\/2020\/02\/InShot_20200207_231248897-768x592.jpg 768w, https:\/\/www.caririemacao.com\/1\/wp-content\/uploads\/2020\/02\/InShot_20200207_231248897-1536x1184.jpg 1536w, https:\/\/www.caririemacao.com\/1\/wp-content\/uploads\/2020\/02\/InShot_20200207_231248897-2048x1579.jpg 2048w\" data-sizes=\"(max-width: 150px) 100vw, 150px\" src=\"data:image\/svg+xml;base64,PHN2ZyB3aWR0aD0iMSIgaGVpZ2h0PSIxIiB4bWxucz0iaHR0cDovL3d3dy53My5vcmcvMjAwMC9zdmciPjwvc3ZnPg==\" \/><\/p>\n","protected":false},"excerpt":{"rendered":"<p>O prefeito Jefferson Roberto de S\u00e3o Jos\u00e9 dos Cordeiros participa de reuni\u00e3o na associa\u00e7\u00e3o da comunidade Cardoso. Onde aproveitou o momento para ouvir as demandas&hellip; <\/p>\n","protected":false},"author":2,"featured_media":152211,"comment_status":"closed","ping_status":"closed","sticky":false,"template":"","format":"standard","meta":{"sfsi_plus_gutenberg_text_before_share":"","sfsi_plus_gutenberg_show_text_before_share":"","sfsi_plus_gutenberg_icon_type":"","sfsi_plus_gutenberg_icon_alignemt":"","sfsi_plus_gutenburg_max_per_row":"","footnotes":""},"categories":[6,50,11],"tags":[],"class_list":["post-152210","post","type-post","status-publish","format-standard","has-post-thumbnail","hentry","category-cidades","category-destaque","category-politica"],"_links":{"self":[{"href":"https:\/\/www.caririemacao.com\/1\/wp-json\/wp\/v2\/posts\/152210","targetHints":{"allow":["GET"]}}],"collection":[{"href":"https:\/\/www.caririemacao.com\/1\/wp-json\/wp\/v2\/posts"}],"about":[{"href":"https:\/\/www.caririemacao.com\/1\/wp-json\/wp\/v2\/types\/post"}],"author":[{"embeddable":true,"href":"https:\/\/www.caririemacao.com\/1\/wp-json\/wp\/v2\/users\/2"}],"replies":[{"embeddable":true,"href":"https:\/\/www.caririemacao.com\/1\/wp-json\/wp\/v2\/comments?post=152210"}],"version-history":[{"count":1,"href":"https:\/\/www.caririemacao.com\/1\/wp-json\/wp\/v2\/posts\/152210\/revisions"}],"predecessor-version":[{"id":152213,"href":"https:\/\/www.caririemacao.com\/1\/wp-json\/wp\/v2\/posts\/152210\/revisions\/152213"}],"wp:featuredmedia":[{"embeddable":true,"href":"https:\/\/www.caririemacao.com\/1\/wp-json\/wp\/v2\/media\/152211"}],"wp:attachment":[{"href":"https:\/\/www.caririemacao.com\/1\/wp-json\/wp\/v2\/media?parent=152210"}],"wp:term":[{"taxonomy":"category","embeddable":true,"href":"https:\/\/www.caririemacao.com\/1\/wp-json\/wp\/v2\/categories?post=152210"},{"taxonomy":"post_tag","embeddable":true,"href":"https:\/\/www.caririemacao.com\/1\/wp-json\/wp\/v2\/tags?post=152210"}],"curies":[{"name":"wp","href":"https:\/\/api.w.org\/{rel}","templated":true}]}}