{"id":152217,"date":"2020-02-08T07:18:08","date_gmt":"2020-02-08T10:18:08","guid":{"rendered":"http:\/\/www.caririemacao.com\/1\/?p=152217"},"modified":"2020-02-08T07:18:10","modified_gmt":"2020-02-08T10:18:10","slug":"comunidade-de-olho-dagua-do-silva-comemora-entrega-do-psf-10-em-monteiro","status":"publish","type":"post","link":"https:\/\/www.caririemacao.com\/1\/2020\/02\/08\/comunidade-de-olho-dagua-do-silva-comemora-entrega-do-psf-10-em-monteiro\/","title":{"rendered":"Comunidade de Olho D\u2019\u00c1gua do Silva comemora entrega do PSF 10 em Monteiro"},"content":{"rendered":"\n<p>A prefeita Anna Lorena esteve ladeada dos secret\u00e1rios e vereadores na tarde desta quinta-feira, 06, para entregar \u00e0 popula\u00e7\u00e3o da comunidade do Olho D\u2019\u00c1gua do Silva mais uma obra de seu governo. A reforma e amplia\u00e7\u00e3o do Posto de Sa\u00fade 10 \u2013 Ant\u00f4nio Rodrigues da Silva.<\/p>\n\n\n\n<p>Durante o evento a prefeita Anna Lorena agradeceu e reconheceu a importante doa\u00e7\u00e3o do terreno pela fam\u00edlia do Sr. Ant\u00f4nio Rodrigues da Silva, que proporcionou uma escola e o posto de sa\u00fade, ambas de muita import\u00e2ncia para a comunidade. A gestora tamb\u00e9m comentou sobre o desenrolar e entraves para a realiza\u00e7\u00e3o desta obra que foi entregue em tempo recorde.<\/p>\n\n\n\n<p>\u201cEsta obra entregue \u00e9 um momento de muita alegria pra n\u00f3s enquanto gest\u00e3o que vamos proporcionar comodidade e seguran\u00e7a nos atendimentos aqui nesta unidade, al\u00e9m da marca\u00e7\u00e3o de exames direto pelo Postinho; e um momento de alegria para a comunidade que agora conta com salas adequadas e instala\u00e7\u00f5es e acomoda\u00e7\u00f5es confort\u00e1veis. Todos n\u00f3s ganhamos nesta tarde\u201d, disse a prefeita Anna Lorena.<\/p>\n\n\n\n<div class=\"wp-block-image\"><figure class=\"alignleft\"><img decoding=\"async\" data-src=\"https:\/\/i0.wp.com\/www.vitrinedocariri.com.br\/wp-content\/uploads\/2020\/02\/Comunidade-de-Olho-D%C3%81gua-do-Silva-comemora-entrega-do-PSF-10-em-Monteiro-13.jpeg?resize=300%2C199&amp;ssl=1\" alt=\"\" class=\"wp-image-63667 lazyload\" src=\"data:image\/svg+xml;base64,PHN2ZyB3aWR0aD0iMSIgaGVpZ2h0PSIxIiB4bWxucz0iaHR0cDovL3d3dy53My5vcmcvMjAwMC9zdmciPjwvc3ZnPg==\" \/><\/figure><\/div>\n\n\n\n<p>Em seu espa\u00e7o, a Unidade \u00c2ncora de Sa\u00fade possui recep\u00e7\u00e3o, consult\u00f3rio de enfermagem, sala de procedimento, sala de curativo, sala de esteriliza\u00e7\u00e3o, sala de expurgo, almoxarifado, copa banheiros masculinos, femininos e para deficientes, dep\u00f3sito para lixo, e sala de vacina\u00e7\u00e3o.<\/p>\n\n\n\n<p>A reforma e amplia\u00e7\u00e3o da Unidade de Sa\u00fade recebeu investimentos de R$ 138.125,02, em recursos federais e contrapartida dos cofres p\u00fablicos do munic\u00edpio.<\/p>\n\n\n\n<p>SECOM<\/p>\n","protected":false},"excerpt":{"rendered":"<p>A prefeita Anna Lorena esteve ladeada dos secret\u00e1rios e vereadores na tarde desta quinta-feira, 06, para entregar \u00e0 popula\u00e7\u00e3o da comunidade do Olho D\u2019\u00c1gua do&hellip; <\/p>\n","protected":false},"author":1,"featured_media":152218,"comment_status":"closed","ping_status":"closed","sticky":false,"template":"","format":"standard","meta":{"sfsi_plus_gutenberg_text_before_share":"","sfsi_plus_gutenberg_show_text_before_share":"","sfsi_plus_gutenberg_icon_type":"","sfsi_plus_gutenberg_icon_alignemt":"","sfsi_plus_gutenburg_max_per_row":"","footnotes":""},"categories":[6],"tags":[],"class_list":["post-152217","post","type-post","status-publish","format-standard","has-post-thumbnail","hentry","category-cidades"],"_links":{"self":[{"href":"https:\/\/www.caririemacao.com\/1\/wp-json\/wp\/v2\/posts\/152217","targetHints":{"allow":["GET"]}}],"collection":[{"href":"https:\/\/www.caririemacao.com\/1\/wp-json\/wp\/v2\/posts"}],"about":[{"href":"https:\/\/www.caririemacao.com\/1\/wp-json\/wp\/v2\/types\/post"}],"author":[{"embeddable":true,"href":"https:\/\/www.caririemacao.com\/1\/wp-json\/wp\/v2\/users\/1"}],"replies":[{"embeddable":true,"href":"https:\/\/www.caririemacao.com\/1\/wp-json\/wp\/v2\/comments?post=152217"}],"version-history":[{"count":1,"href":"https:\/\/www.caririemacao.com\/1\/wp-json\/wp\/v2\/posts\/152217\/revisions"}],"predecessor-version":[{"id":152219,"href":"https:\/\/www.caririemacao.com\/1\/wp-json\/wp\/v2\/posts\/152217\/revisions\/152219"}],"wp:featuredmedia":[{"embeddable":true,"href":"https:\/\/www.caririemacao.com\/1\/wp-json\/wp\/v2\/media\/152218"}],"wp:attachment":[{"href":"https:\/\/www.caririemacao.com\/1\/wp-json\/wp\/v2\/media?parent=152217"}],"wp:term":[{"taxonomy":"category","embeddable":true,"href":"https:\/\/www.caririemacao.com\/1\/wp-json\/wp\/v2\/categories?post=152217"},{"taxonomy":"post_tag","embeddable":true,"href":"https:\/\/www.caririemacao.com\/1\/wp-json\/wp\/v2\/tags?post=152217"}],"curies":[{"name":"wp","href":"https:\/\/api.w.org\/{rel}","templated":true}]}}