{"id":152223,"date":"2020-02-08T07:21:13","date_gmt":"2020-02-08T10:21:13","guid":{"rendered":"http:\/\/www.caririemacao.com\/1\/?p=152223"},"modified":"2020-02-08T07:21:15","modified_gmt":"2020-02-08T10:21:15","slug":"trabalhos-legislativos-sao-abertos-em-monteiro-com-a-presenca-de-anna-lorena-e-celecileno-alves","status":"publish","type":"post","link":"https:\/\/www.caririemacao.com\/1\/2020\/02\/08\/trabalhos-legislativos-sao-abertos-em-monteiro-com-a-presenca-de-anna-lorena-e-celecileno-alves\/","title":{"rendered":"Trabalhos Legislativos s\u00e3o abertos em Monteiro com a presen\u00e7a de Anna Lorena e Celecileno Alves"},"content":{"rendered":"\n<p>Na noite desta quinta-feira (06), foi realizada a 1\u00aa sess\u00e3o ordin\u00e1ria do ano legislativo de 2020 com a participa\u00e7\u00e3o da prefeita Anna Lorena e o vice-prefeito Celecileno Alves.<\/p>\n\n\n\n<p>Durante a tradicional mensagem do executivo na abertura dos trabalhos, a prefeita Anna Lorena abriu seu discurso falando sobre respeito. \u201cQue o respeito seja preponderante neste ano eleitoral onde as diverg\u00eancias pol\u00edticas e ideol\u00f3gicas surgir\u00e3o. Nunca tive problemas pessoais, podemos ter pensamentos contr\u00e1rios, mas que isso n\u00e3o interfira no respeito e dignidade no di\u00e1logo que se deve existir entre o legislativo e o executivo\u201d.<\/p>\n\n\n\n<p>A gestora tamb\u00e9m agradeceu o apoio recebido pela prefeitura atrav\u00e9s dos deputados estaduais e federais que destinaram recursos ao munic\u00edpio, discorreu sobre as cr\u00edticas que o governo vem recebendo de determinada rede de r\u00e1dio, agradeceu aos vereadores pelo atendimento \u00e0s suas solicita\u00e7\u00f5es, pela presteza com que tratam o pedido da popula\u00e7\u00e3o.<\/p>\n\n\n\n<p>Ainda em sua fala a prefeita tamb\u00e9m tratou sobre o pacote de obras doPrograma Cidade Trabalho 1 que est\u00e1 em fase de execu\u00e7\u00e3o e da edi\u00e7\u00e3o 2 que foi lan\u00e7ado na \u00faltima quarta-feira, 05, com a presen\u00e7a maci\u00e7a da popula\u00e7\u00e3o.<br>Finalizando, Anna Lorena frisou que o lema de sua gest\u00e3o \u00e9 o di\u00e1logo, o trabalho e a uni\u00e3o das fam\u00edlias e se colocou a disposi\u00e7\u00e3o de toda a popula\u00e7\u00e3o para cr\u00edticas e sugest\u00f5es e destacou que os elogios servem para nortear o trabalho que vem sendo executado.\u201cNossa gest\u00e3o tem por lema o di\u00e1logo, o trabalho e a uni\u00e3o entre as fam\u00edlias, pois s\u00f3 assim faremos de Monteiro uma cidade cada vez melhor\u201d, concluiu a prefeita Anna Lorena.SECOM<\/p>\n\n\n\n<figure class=\"wp-block-image\"><img decoding=\"async\" data-src=\"http:\/\/hora1pb.com.br\/wp-content\/uploads\/2020\/02\/5EBDDD19-3AC8-4213-8E14-4E825FE1D183-300x200.jpeg\" alt=\"\" class=\"wp-image-17261 lazyload\" src=\"data:image\/svg+xml;base64,PHN2ZyB3aWR0aD0iMSIgaGVpZ2h0PSIxIiB4bWxucz0iaHR0cDovL3d3dy53My5vcmcvMjAwMC9zdmciPjwvc3ZnPg==\" style=\"--smush-placeholder-width: 300px; --smush-placeholder-aspect-ratio: 300\/200;\" \/><\/figure>\n\n\n\n<p>,<\/p>\n\n\n\n<figure class=\"wp-block-image\"><img decoding=\"async\" data-src=\"http:\/\/hora1pb.com.br\/wp-content\/uploads\/2020\/02\/720B4337-E050-414F-8FC8-DC06F83C5F21-300x200.jpeg\" alt=\"\" class=\"wp-image-17260 lazyload\" src=\"data:image\/svg+xml;base64,PHN2ZyB3aWR0aD0iMSIgaGVpZ2h0PSIxIiB4bWxucz0iaHR0cDovL3d3dy53My5vcmcvMjAwMC9zdmciPjwvc3ZnPg==\" style=\"--smush-placeholder-width: 300px; --smush-placeholder-aspect-ratio: 300\/200;\" \/><\/figure>\n","protected":false},"excerpt":{"rendered":"<p>Na noite desta quinta-feira (06), foi realizada a 1\u00aa sess\u00e3o ordin\u00e1ria do ano legislativo de 2020 com a participa\u00e7\u00e3o da prefeita Anna Lorena e o&hellip; <\/p>\n","protected":false},"author":1,"featured_media":146733,"comment_status":"closed","ping_status":"closed","sticky":false,"template":"","format":"standard","meta":{"sfsi_plus_gutenberg_text_before_share":"","sfsi_plus_gutenberg_show_text_before_share":"","sfsi_plus_gutenberg_icon_type":"","sfsi_plus_gutenberg_icon_alignemt":"","sfsi_plus_gutenburg_max_per_row":"","footnotes":""},"categories":[6],"tags":[],"class_list":["post-152223","post","type-post","status-publish","format-standard","has-post-thumbnail","hentry","category-cidades"],"_links":{"self":[{"href":"https:\/\/www.caririemacao.com\/1\/wp-json\/wp\/v2\/posts\/152223","targetHints":{"allow":["GET"]}}],"collection":[{"href":"https:\/\/www.caririemacao.com\/1\/wp-json\/wp\/v2\/posts"}],"about":[{"href":"https:\/\/www.caririemacao.com\/1\/wp-json\/wp\/v2\/types\/post"}],"author":[{"embeddable":true,"href":"https:\/\/www.caririemacao.com\/1\/wp-json\/wp\/v2\/users\/1"}],"replies":[{"embeddable":true,"href":"https:\/\/www.caririemacao.com\/1\/wp-json\/wp\/v2\/comments?post=152223"}],"version-history":[{"count":1,"href":"https:\/\/www.caririemacao.com\/1\/wp-json\/wp\/v2\/posts\/152223\/revisions"}],"predecessor-version":[{"id":152225,"href":"https:\/\/www.caririemacao.com\/1\/wp-json\/wp\/v2\/posts\/152223\/revisions\/152225"}],"wp:featuredmedia":[{"embeddable":true,"href":"https:\/\/www.caririemacao.com\/1\/wp-json\/wp\/v2\/media\/146733"}],"wp:attachment":[{"href":"https:\/\/www.caririemacao.com\/1\/wp-json\/wp\/v2\/media?parent=152223"}],"wp:term":[{"taxonomy":"category","embeddable":true,"href":"https:\/\/www.caririemacao.com\/1\/wp-json\/wp\/v2\/categories?post=152223"},{"taxonomy":"post_tag","embeddable":true,"href":"https:\/\/www.caririemacao.com\/1\/wp-json\/wp\/v2\/tags?post=152223"}],"curies":[{"name":"wp","href":"https:\/\/api.w.org\/{rel}","templated":true}]}}