{"id":152236,"date":"2020-02-08T07:25:52","date_gmt":"2020-02-08T10:25:52","guid":{"rendered":"http:\/\/www.caririemacao.com\/1\/?p=152236"},"modified":"2020-02-08T07:25:54","modified_gmt":"2020-02-08T10:25:54","slug":"ministro-lewandowski-participa-de-congresso-em-joao-pessoa-nesta-segunda-feira","status":"publish","type":"post","link":"https:\/\/www.caririemacao.com\/1\/2020\/02\/08\/ministro-lewandowski-participa-de-congresso-em-joao-pessoa-nesta-segunda-feira\/","title":{"rendered":"Ministro Lewandowski participa de congresso em Jo\u00e3o Pessoa nesta segunda-feira"},"content":{"rendered":"\n<p>O Congresso Direito e Inova\u00e7\u00e3o 2020, promovido pelo Centro Universit\u00e1rio de Jo\u00e3o Pessoa Unip\u00ea ter\u00e1 como palestra de abertura, o ministro do Supremo Tribunal Federal&nbsp;Ricardo Lewandowski, que far\u00e1 a abertura do evento nesta segunda-feira (10), as 10h tamb\u00e9m participar\u00e3o do congresso os ministros Paulo Dias de Moura Ribeiro (STJ) e Jos\u00e9 Roberto Pimenta (TST), o secret\u00e1rio da Procuradoria Geral da Rep\u00fablica, Eitel Santiago, e Luciano Mariz Maia, da Procuradoria Geral da Rep\u00fablica.<\/p>\n\n\n\n<p>O evento acontece entre os dias 10 e 14 de fevereiro de 2020 e tem como&nbsp;tema central \u201cDireito, Desenvolvimento e Inova\u00e7\u00e3o: reflex\u00f5es e desafios da efetividade constitucional\u201d.<\/p>\n\n\n\n<p>Toda a programa\u00e7\u00e3o ocorrer\u00e1 no Audit\u00f3rio UNIP\u00ca. As inscri\u00e7\u00f5es s\u00e3o gratuitas (feitas&nbsp;<a href=\"https:\/\/www.even3.com.br\/congressodireitounipe\/\">neste link<\/a>), com valida\u00e7\u00e3o atrav\u00e9s da doa\u00e7\u00e3o facultativa de 2kg de alimentos n\u00e3o perec\u00edveis, que devem ser entregues na coordena\u00e7\u00e3o do curso de Direito.<\/p>\n\n\n\n<p>Tamb\u00e9m haver\u00e1 a possibilidade de submiss\u00e3o e apresenta\u00e7\u00e3o de trabalhos acad\u00eamicos.&nbsp;<a href=\"http:\/\/arquivos.cruzeirodosuleducacional.edu.br\/criacao\/arquivos\/edital_trabalhos_congresso_direito_inovacao2020.pdf\">Confira aqui<\/a>&nbsp;o edital.<\/p>\n\n\n\n<p>Confira a programa\u00e7\u00e3o do evento<\/p>\n\n\n\n<p>10\/02 (segunda-feira)<\/p>\n\n\n\n<p>MANH\u00c3 \u2013 10h<br>Solenidade de Abertura<br>Palestrante: Min. Ricardo Lewandowski (STF)<\/p>\n\n\n\n<p>NOITE \u2013 19h<br>Homenagem ao Des. Dr. Miguel Levino<br>Tema da palestra: Lei de Abuso de Autoridade<\/p>\n\n\n\n<p>Palestrantes<br>Dr. Cl\u00e1udio Lameir\u00e3o<br>Dr. Rog\u00e9rio Abreu<br>Dr. Rog\u00e9rio Varela<\/p>\n\n\n\n<p>11\/02 (ter\u00e7a-feira)<\/p>\n\n\n\n<p>MANH\u00c3 \u2013 9h<br>Workshop Arbitragem e media\u00e7\u00e3o no setor p\u00fablico<\/p>\n\n\n\n<p>Palestrantes<br>Dr. Napole\u00e3o Casado Filho<br>Dr. Diego Domiciano<br>Dra. Soraya Nunes<br>Dr. Ant\u00f4nio Carneiro<\/p>\n\n\n\n<p>NOITE \u2013 19h<br>Tema Central da Mesa: Efetividade Constitucional<\/p>\n\n\n\n<p>Palestrantes<br>Dr. Eitel Santiago (Procuradoria Geral da Rep\u00fablica)<br>Dr. Luciano Mariz Maia (Procuradoria Geral da Rep\u00fablica)<br>Dr. Oct\u00e1vio Paulo Neto (Promotor de Justi\u00e7a)<br>Dra. Fl\u00e1via de Paiva<br>Dr. Romulo Palitot<\/p>\n\n\n\n<p>12\/02 (quarta-feira)<\/p>\n\n\n\n<p>HACKATHON (manh\u00e3, tarde e noite)<\/p>\n\n\n\n<p>Programa\u00e7\u00e3o Geral<br>8h \u00e0s 9h: Brainstorm de Ideias e Montagem das Equipes<br>9h \u00e0s 12h: Produ\u00e7\u00e3o<br>12h \u00e0s 13h: Almo\u00e7o<br>13h \u00e0s 17h: Produ\u00e7\u00e3o<br>18h \u00e0s 19h: Intervalo e Prepara\u00e7\u00e3o das Apresenta\u00e7\u00f5es<br>19h \u00e0s 20h30: Apresenta\u00e7\u00f5es<\/p>\n\n\n\n<p>Mentores Convidados<br>Arthur Souto<br>Andr\u00e9 Agra<br>Andr\u00e9 Cabral<br>Laryssa Almeida<br>Priscila Maciel<br>V\u00e1lber Azevedo<br>Ricardo Roberto<br>Thyago Maia<br>Gustavo Rabay<br>Felipe Soares<br>Carlos Novinho<br>Miguel Isoni Filho<br>Wilson Belchior<br>Jefferson Barbosa<\/p>\n\n\n\n<p>NOITE \u2013 20h<br>Tema Central da Mesa: Direito e Inova\u00e7\u00e3o<\/p>\n\n\n\n<p>Palestrantes<br>Dra. Laryssa Almeida<br>Dra. Priscilla Maciel<br>Dr. Gustavo Rabay<br>Dr. Andr\u00e9 Cabral<br>Dra. Kaiana Vilar<\/p>\n\n\n\n<p>13\/02 (quinta-feira)<\/p>\n\n\n\n<p>MANH\u00c3 \u2013 9h | TARDE \u2013 14h<br>Apresenta\u00e7\u00e3o de trabalhos<\/p>\n\n\n\n<p>NOITE \u2013 19h<br>Tema Central: Efetividade Constitucional<\/p>\n\n\n\n<p>Palestrante: Min. Paulo Dias de Moura Ribeiro (STJ)<\/p>\n\n\n\n<p>Dr. Bruno Teixeira (Juiz Federal \u2013 Diretor da JFPB) \u2013 Presid\u00eancia de Mesa<\/p>\n\n\n\n<p>Debatedores<br>Dr. Wilson Belchior<br>Dra. Camila Pitanga<\/p>\n\n\n\n<p>14\/02 (sexta-feira)<\/p>\n\n\n\n<p>MANH\u00c3 \u2013 9h<\/p>\n\n\n\n<p>Tema Central: Reformas Trabalhista e Previdenci\u00e1ria<\/p>\n\n\n\n<p>Palestrantes:<br>Dr. Jos\u00e9 Ant\u00f4nio Cavalcanti<br>Dra. Glauce Gaud\u00eancio<\/p>\n\n\n\n<p>Debatedores<br>Dr. Diego Cabral<br>Dr. Glauber Lucena<br>Dra. Catarina Oliveira<\/p>\n\n\n\n<p>NOITE \u2013 19h<br>Confer\u00eancia de Encerramento<\/p>\n\n\n\n<p>Palestrante: Min. Jos\u00e9 Roberto Pimenta (TST)<br>Tema: \u201cA concretiza\u00e7\u00e3o dos direitos fundamentais sociais e o papel do Direito do Trabalho no Brasil de hoje: desafios, perspectivas e a contribui\u00e7\u00e3o da Justi\u00e7a do Trabalho\u201d.<\/p>\n\n\n\n<p>Debatedores<br>Dr. Paulo Henrique Tavares (TRT-13)<br>Dr. Wolney de Macedo Cordeiro (TRT-13)<br>Dr. Paulo Maia (OAB)<br>Dr. Ubiratan Delgado (TRT-13)<\/p>\n","protected":false},"excerpt":{"rendered":"<p>O Congresso Direito e Inova\u00e7\u00e3o 2020, promovido pelo Centro Universit\u00e1rio de Jo\u00e3o Pessoa Unip\u00ea ter\u00e1 como palestra de abertura, o ministro do Supremo Tribunal Federal&nbsp;Ricardo&hellip; <\/p>\n","protected":false},"author":1,"featured_media":991,"comment_status":"closed","ping_status":"closed","sticky":false,"template":"","format":"standard","meta":{"sfsi_plus_gutenberg_text_before_share":"","sfsi_plus_gutenberg_show_text_before_share":"","sfsi_plus_gutenberg_icon_type":"","sfsi_plus_gutenberg_icon_alignemt":"","sfsi_plus_gutenburg_max_per_row":"","footnotes":""},"categories":[11],"tags":[],"class_list":["post-152236","post","type-post","status-publish","format-standard","has-post-thumbnail","hentry","category-politica"],"_links":{"self":[{"href":"https:\/\/www.caririemacao.com\/1\/wp-json\/wp\/v2\/posts\/152236","targetHints":{"allow":["GET"]}}],"collection":[{"href":"https:\/\/www.caririemacao.com\/1\/wp-json\/wp\/v2\/posts"}],"about":[{"href":"https:\/\/www.caririemacao.com\/1\/wp-json\/wp\/v2\/types\/post"}],"author":[{"embeddable":true,"href":"https:\/\/www.caririemacao.com\/1\/wp-json\/wp\/v2\/users\/1"}],"replies":[{"embeddable":true,"href":"https:\/\/www.caririemacao.com\/1\/wp-json\/wp\/v2\/comments?post=152236"}],"version-history":[{"count":1,"href":"https:\/\/www.caririemacao.com\/1\/wp-json\/wp\/v2\/posts\/152236\/revisions"}],"predecessor-version":[{"id":152237,"href":"https:\/\/www.caririemacao.com\/1\/wp-json\/wp\/v2\/posts\/152236\/revisions\/152237"}],"wp:featuredmedia":[{"embeddable":true,"href":"https:\/\/www.caririemacao.com\/1\/wp-json\/wp\/v2\/media\/991"}],"wp:attachment":[{"href":"https:\/\/www.caririemacao.com\/1\/wp-json\/wp\/v2\/media?parent=152236"}],"wp:term":[{"taxonomy":"category","embeddable":true,"href":"https:\/\/www.caririemacao.com\/1\/wp-json\/wp\/v2\/categories?post=152236"},{"taxonomy":"post_tag","embeddable":true,"href":"https:\/\/www.caririemacao.com\/1\/wp-json\/wp\/v2\/tags?post=152236"}],"curies":[{"name":"wp","href":"https:\/\/api.w.org\/{rel}","templated":true}]}}