{"id":152239,"date":"2020-02-08T07:35:31","date_gmt":"2020-02-08T10:35:31","guid":{"rendered":"http:\/\/www.caririemacao.com\/1\/?p=152239"},"modified":"2020-02-08T07:35:34","modified_gmt":"2020-02-08T10:35:34","slug":"com-medo-de-coronavirus-brasil-tem-alta-de-71-em-casos-de-dengue","status":"publish","type":"post","link":"https:\/\/www.caririemacao.com\/1\/2020\/02\/08\/com-medo-de-coronavirus-brasil-tem-alta-de-71-em-casos-de-dengue\/","title":{"rendered":"Com medo de coronav\u00edrus, Brasil tem alta de 71% em casos de dengue"},"content":{"rendered":"\n<p>Fora dos holofotes em meio ao risco de chegada do novo coronav\u00edrus, a dengue tem voltado a crescer e j\u00e1 soma 94 mil casos neste ano, de acordo com novos dados do Minist\u00e9rio da Sa\u00fade.<\/p>\n\n\n\n<p>O total representa um aumento de 71% em rela\u00e7\u00e3o ao mesmo per\u00edodo de 2019. O balan\u00e7o considera os dados informados por secretarias de sa\u00fade at\u00e9 a quinta semana do ano.<\/p>\n\n\n\n<p>&#8220;Com certeza, este ano ser\u00e1 pior do que o ano passado, e os dados j\u00e1 mostram isso&#8221;, afirmou \u00e0 reportagem o secret\u00e1rio de Vigil\u00e2ncia em Sa\u00fade do minist\u00e9rio, Wanderson Oliveira.<\/p>\n\n\n\n<p>Em encontro com secret\u00e1rios estaduais e municipais de Sa\u00fade para discutir medidas de controle do coronav\u00edrus, o Minist\u00e9rio da Sa\u00fade fez um apelo para que a rede de sa\u00fade reforce a vigil\u00e2ncia contra o novo v\u00edrus, mas n\u00e3o perca a aten\u00e7\u00e3o para outras velhas doen\u00e7as que atingem o pa\u00eds.<\/p>\n\n\n\n<p>Nos \u00faltimos dias, o alerta em torno do coronav\u00edrus identificado na China e a necessidade de trazer brasileiros em Wuhan fizeram o governo declarar emerg\u00eancia em sa\u00fade p\u00fablica.&nbsp;<br>O minist\u00e9rio tamb\u00e9m passou a soltar informes di\u00e1rios de casos de suspeita de infec\u00e7\u00e3o pelo v\u00edrus.&#8221;Ainda n\u00e3o temos casos confirmados de coronav\u00edrus no Brasil. Mas temos outros desafios simult\u00e2neos que n\u00e3o podemos baixar a guarda&#8221;, disse Oliveira no evento, citando em seguida dados de sarampo, febre amarela e dengue.<\/p>\n\n\n\n<p>Segundo especialistas, o avan\u00e7o da dengue j\u00e1 era esperado por causa da mudan\u00e7a, no \u00faltimo ano, no sorotipo predominante de v\u00edrus da dengue em circula\u00e7\u00e3o, o qual passou a ser o tipo 2 \u2013 entre quatro poss\u00edveis.&nbsp;<\/p>\n\n\n\n<p>A \u00faltima vez que esse sorotipo havia circulado com mais for\u00e7a foi em 2008, o que indica a possibilidade de que haja mais pessoas suscet\u00edveis \u00e0 doen\u00e7a. &#8220;Os anos de 2017 e 2018 foram muito at\u00edpicos, e est\u00e1vamos vivendo um crescente [de casos em 2019]. J\u00e1 est\u00e1vamos observando que o v\u00edrus 2 causaria uma circula\u00e7\u00e3o muito mais significativa neste ano e v\u00ednhamos fazendo esse alerta&#8221;, afirmou Oliveira.<\/p>\n\n\n\n<p>Ao todo, o Brasil j\u00e1 soma 14 mortes por dengue. Para compara\u00e7\u00e3o, no mesmo per\u00edodo de 2019, havia 5 mortes registradas.&nbsp;<\/p>\n\n\n\n<p>Os dados por estado n\u00e3o foram divulgados. Boletim do Minist\u00e9rio da Sa\u00fade com informa\u00e7\u00f5es at\u00e9 18 de janeiro, no entanto, aponta S\u00e3o Paulo e Paran\u00e1 como estados que lideram em n\u00famero absoluto de casos.<\/p>\n\n\n\n<p>J\u00e1 as maiores incid\u00eancias da doen\u00e7a, padr\u00e3o que considera o total de casos pela popula\u00e7\u00e3o, \u00e9 registrada at\u00e9 o momento no Paran\u00e1, no Acre e em Mato Grosso do Sul.<br>O infectologista Marcos Boulos, coordenador de grupo de arboviroses da secretaria de S\u00e3o Paulo, disse que o novo aumento da dengue come\u00e7ou a ser verificado em alguns munic\u00edpios do estado a partir de janeiro, um pouco mais tarde do que o habitual.<\/p>\n\n\n\n<p>&#8220;J\u00e1 esper\u00e1vamos desde dezembro. Agora est\u00e1 chegando, e j\u00e1 temos v\u00e1rios munic\u00edpios com \u00edndice duas vezes maior&#8221;, afirmou.<\/p>\n\n\n\n<p>Para ele, embora o \u00faltimo ano j\u00e1 tenha sido um dos maiores em registros \u2013 foram 1,5 milh\u00e3o de casos prov\u00e1veis da doen\u00e7a \u2013, o auge da epidemia \u00e9 esperado para este ano.<br>&#8220;Mas \u00e9 poss\u00edvel ocorrer dois anos seguidos com alto n\u00famero de casos? Pode. A infesta\u00e7\u00e3o de Aedes [aegypti, mosquito que transmite a dengue] est\u00e1 aumentando e temos uma popula\u00e7\u00e3o muito suscet\u00edvel. A chance de ter [um maior n\u00famero de casos] \u00e9 grande&#8221;, afirmou.<\/p>\n\n\n\n<p>Outro fator \u00e9 a ocorr\u00eancia de um maior n\u00famero de casos no \u00faltimo ano em determinadas regi\u00f5es \u2013 o que aumenta o alerta para \u00e1reas menos atingidas.&#8221;Brinco que devemos nos preocupar mais com dengue, porque o coronav\u00edrus n\u00e3o \u00e9 daqui. Mas, se chegar, a vigil\u00e2ncia est\u00e1 alerta&#8221;, disse o infectologista.<\/p>\n\n\n\n<p>Boulos afirmou que o estado tem feito reuni\u00f5es com munic\u00edpios para discutir a\u00e7\u00f5es e apostado em capacita\u00e7\u00e3o para aumentar a assist\u00eancia.<\/p>\n\n\n\n<p>J\u00e1 o Minist\u00e9rio da Sa\u00fade tem citado como medidas de controle o refor\u00e7o em novas tecnologias, caso de um projeto para libera\u00e7\u00e3o de mosquitos Aedes aegypti com a bact\u00e9ria Wolbachia, que reduz a capacidade do vetor em transmitir as doen\u00e7as.<\/p>\n\n\n\n<p>Segundo Oliveira, a pasta tamb\u00e9m finalizou recentemente a distribui\u00e7\u00e3o de novos estoques de inseticidas ap\u00f3s problemas que levaram \u00e0 falta do produto em alguns locais no \u00faltimo ano. Ele disse que a situa\u00e7\u00e3o j\u00e1 est\u00e1 regularizada.<\/p>\n\n\n\n<p>Al\u00e9m da dengue, dados do Minist\u00e9rio da Sa\u00fade tamb\u00e9m mostram que o Brasil j\u00e1 registra neste ano 3.439 casos de chikungunya e 242 casos de zika, outras doen\u00e7as transmitidas pelo Aedes aegypti.<\/p>\n\n\n\n<p>No caso do chikungunya, o n\u00famero \u00e9 pouco menor em compara\u00e7\u00e3o ao mesmo per\u00edodo do ano passado, quando houve 4.149 registros.Alguns estados, por\u00e9m, t\u00eam maior n\u00famero de casos \u2013 como Esp\u00edrito Santo, que concentra 31% dos registros de chikungunya at\u00e9 a quinta semana deste ano.<\/p>\n","protected":false},"excerpt":{"rendered":"<p>Fora dos holofotes em meio ao risco de chegada do novo coronav\u00edrus, a dengue tem voltado a crescer e j\u00e1 soma 94 mil casos neste&hellip; <\/p>\n","protected":false},"author":1,"featured_media":139531,"comment_status":"closed","ping_status":"closed","sticky":false,"template":"","format":"standard","meta":{"sfsi_plus_gutenberg_text_before_share":"","sfsi_plus_gutenberg_show_text_before_share":"","sfsi_plus_gutenberg_icon_type":"","sfsi_plus_gutenberg_icon_alignemt":"","sfsi_plus_gutenburg_max_per_row":"","footnotes":""},"categories":[50,16],"tags":[],"class_list":["post-152239","post","type-post","status-publish","format-standard","has-post-thumbnail","hentry","category-destaque","category-saude"],"_links":{"self":[{"href":"https:\/\/www.caririemacao.com\/1\/wp-json\/wp\/v2\/posts\/152239","targetHints":{"allow":["GET"]}}],"collection":[{"href":"https:\/\/www.caririemacao.com\/1\/wp-json\/wp\/v2\/posts"}],"about":[{"href":"https:\/\/www.caririemacao.com\/1\/wp-json\/wp\/v2\/types\/post"}],"author":[{"embeddable":true,"href":"https:\/\/www.caririemacao.com\/1\/wp-json\/wp\/v2\/users\/1"}],"replies":[{"embeddable":true,"href":"https:\/\/www.caririemacao.com\/1\/wp-json\/wp\/v2\/comments?post=152239"}],"version-history":[{"count":1,"href":"https:\/\/www.caririemacao.com\/1\/wp-json\/wp\/v2\/posts\/152239\/revisions"}],"predecessor-version":[{"id":152240,"href":"https:\/\/www.caririemacao.com\/1\/wp-json\/wp\/v2\/posts\/152239\/revisions\/152240"}],"wp:featuredmedia":[{"embeddable":true,"href":"https:\/\/www.caririemacao.com\/1\/wp-json\/wp\/v2\/media\/139531"}],"wp:attachment":[{"href":"https:\/\/www.caririemacao.com\/1\/wp-json\/wp\/v2\/media?parent=152239"}],"wp:term":[{"taxonomy":"category","embeddable":true,"href":"https:\/\/www.caririemacao.com\/1\/wp-json\/wp\/v2\/categories?post=152239"},{"taxonomy":"post_tag","embeddable":true,"href":"https:\/\/www.caririemacao.com\/1\/wp-json\/wp\/v2\/tags?post=152239"}],"curies":[{"name":"wp","href":"https:\/\/api.w.org\/{rel}","templated":true}]}}