{"id":152251,"date":"2020-02-08T07:40:19","date_gmt":"2020-02-08T10:40:19","guid":{"rendered":"http:\/\/www.caririemacao.com\/1\/?p=152251"},"modified":"2020-02-08T07:40:21","modified_gmt":"2020-02-08T10:40:21","slug":"o-cara-virou-um-parasita-diz-paulo-guedes-sobre-servidor-publico","status":"publish","type":"post","link":"https:\/\/www.caririemacao.com\/1\/2020\/02\/08\/o-cara-virou-um-parasita-diz-paulo-guedes-sobre-servidor-publico\/","title":{"rendered":"&#8216;O cara virou um parasita&#8217;, diz Paulo Guedes sobre servidor p\u00fablico"},"content":{"rendered":"\n<p>O ministro da Economia, Paulo Guedes, criticou o funcionalismo p\u00fablico e o que ele considera privil\u00e9gios do setor. Durante evento na FGV do Rio, Guedes comparou os servidores p\u00fablicos a &#8220;parasitas&#8221; que querem reajustes autom\u00e1ticos, o que, segundo o titular da pasta, a popula\u00e7\u00e3o n\u00e3o quer mais.<\/p>\n\n\n\n<p>\u2014 O funcionalismo teve aumento 50% acima da infla\u00e7\u00e3o. Al\u00e9m disso, tem estabildiade na carreira e aposentadoria generosa. O hospedeiro est\u00e1 morrendo, o cara (servidor) virou um parasita. O dinheiro n\u00e3o chega no povo e ele (servidor) quer reajuste autom\u00e1tico.<\/p>\n\n\n\n<p>Para sustentar sua fala, o ministro disse que a maioria da popula\u00e7\u00e3o defende que servidores concursados podem ser demitidos:<\/p>\n\n\n\n<p>\u2014 A popula\u00e7\u00e3o n\u00e3o quer mais isso, 88% das pessoas s\u00e3o a favor de demiss\u00e3o no funcionalismo p\u00fablico.<\/p>\n\n\n\n<p>O ministro tamb\u00e9m disse que os parlamentares que est\u00e3o \u00e0 frente das pautas econ\u00f4micas no Congresso est\u00e3o agressivos ao ponto de fazer com que ele seja visto como uma &#8220;freira de convento&#8221;.<\/p>\n\n\n\n<p>\u2014 Eu, que j\u00e1 fui revolucion\u00e1rio, hoje sou freira de convento (na compara\u00e7\u00e3o com os parlamentares). Eles (pol\u00edticos) chegam e dizem &#8216;o senhor tem que desindexar, desobrigar, tem que descarimbar o dinheiro&#8217;.<\/p>\n\n\n\n<p>Na avalia\u00e7\u00e3o de Guedes, o &#8220;dinheiro carimbado&#8221; \u00e9 um dos entraves para que os estados e munic\u00edpios melhorem a situa\u00e7\u00e3o fiscal.<\/p>\n\n\n\n<p>\u2014 O dinheiro no Brasil \u00e9 todo carimbado, gerido por um software. Uma cidade do interior que no passado as fam\u00edlias tinham seis ou sete filhos, hoje as pessoas t\u00eam um ou dois. Mas como o dinheiro est\u00e1 destinado para educa\u00e7\u00e3o, o prefeito n\u00e3o pode comprar ambul\u00e2ncia para atender essa popula\u00e7\u00e3o que envelheceu. Ent\u00e3o o munic\u00edpio troca uniforme seis vezes no ano e pinta escola para gastar a verba carimbada.<\/p>\n","protected":false},"excerpt":{"rendered":"<p>O ministro da Economia, Paulo Guedes, criticou o funcionalismo p\u00fablico e o que ele considera privil\u00e9gios do setor. Durante evento na FGV do Rio, Guedes&hellip; <\/p>\n","protected":false},"author":1,"featured_media":109971,"comment_status":"closed","ping_status":"closed","sticky":false,"template":"","format":"standard","meta":{"sfsi_plus_gutenberg_text_before_share":"","sfsi_plus_gutenberg_show_text_before_share":"","sfsi_plus_gutenberg_icon_type":"","sfsi_plus_gutenberg_icon_alignemt":"","sfsi_plus_gutenburg_max_per_row":"","footnotes":""},"categories":[11],"tags":[],"class_list":["post-152251","post","type-post","status-publish","format-standard","has-post-thumbnail","hentry","category-politica"],"_links":{"self":[{"href":"https:\/\/www.caririemacao.com\/1\/wp-json\/wp\/v2\/posts\/152251","targetHints":{"allow":["GET"]}}],"collection":[{"href":"https:\/\/www.caririemacao.com\/1\/wp-json\/wp\/v2\/posts"}],"about":[{"href":"https:\/\/www.caririemacao.com\/1\/wp-json\/wp\/v2\/types\/post"}],"author":[{"embeddable":true,"href":"https:\/\/www.caririemacao.com\/1\/wp-json\/wp\/v2\/users\/1"}],"replies":[{"embeddable":true,"href":"https:\/\/www.caririemacao.com\/1\/wp-json\/wp\/v2\/comments?post=152251"}],"version-history":[{"count":1,"href":"https:\/\/www.caririemacao.com\/1\/wp-json\/wp\/v2\/posts\/152251\/revisions"}],"predecessor-version":[{"id":152252,"href":"https:\/\/www.caririemacao.com\/1\/wp-json\/wp\/v2\/posts\/152251\/revisions\/152252"}],"wp:featuredmedia":[{"embeddable":true,"href":"https:\/\/www.caririemacao.com\/1\/wp-json\/wp\/v2\/media\/109971"}],"wp:attachment":[{"href":"https:\/\/www.caririemacao.com\/1\/wp-json\/wp\/v2\/media?parent=152251"}],"wp:term":[{"taxonomy":"category","embeddable":true,"href":"https:\/\/www.caririemacao.com\/1\/wp-json\/wp\/v2\/categories?post=152251"},{"taxonomy":"post_tag","embeddable":true,"href":"https:\/\/www.caririemacao.com\/1\/wp-json\/wp\/v2\/tags?post=152251"}],"curies":[{"name":"wp","href":"https:\/\/api.w.org\/{rel}","templated":true}]}}