{"id":152262,"date":"2020-02-08T07:47:09","date_gmt":"2020-02-08T10:47:09","guid":{"rendered":"http:\/\/www.caririemacao.com\/1\/?p=152262"},"modified":"2020-02-08T07:47:11","modified_gmt":"2020-02-08T10:47:11","slug":"ufpb-divulga-edital-com-330-vagas-para-cursos-de-extensao-em-musica","status":"publish","type":"post","link":"https:\/\/www.caririemacao.com\/1\/2020\/02\/08\/ufpb-divulga-edital-com-330-vagas-para-cursos-de-extensao-em-musica\/","title":{"rendered":"UFPB divulga edital com 330 vagas para cursos de extens\u00e3o em m\u00fasica"},"content":{"rendered":"\n<p><br>A Universidade Federal da Para\u00edba (UFPB) divulgou, nesta sexta-feira (07), edital para oferta de 330 vagas distribu\u00eddas em 29 cursos do Programa de Extens\u00e3o em M\u00fasica destinadas \u00e0 comunidade em geral, sendo 116 para alunos novatos e 214 para renova\u00e7\u00e3o da participa\u00e7\u00e3o dos alunos veteranos nos cursos de 2019.2.&nbsp;<\/p>\n\n\n\n<p>O edital foi publicado pelo Centro de Comunica\u00e7\u00e3o, Turismo e Artes (CCTA).<\/p>\n\n\n\n<p>A distribui\u00e7\u00e3o das vagas por curso pode ser consultada no&nbsp;<a href=\"https:\/\/www.clickpb.com.br\/media\/filer_public\/46\/fd\/46fd2a58-330c-4593-9d07-e2739831cf51\/planilha-com-vagas-para-cursos-anexo-i_.pdf\">Anexo I<\/a>&nbsp;do&nbsp;<a href=\"https:\/\/www.clickpb.com.br\/media\/filer_public\/39\/e4\/39e467dc-0bc6-4d7b-b80c-b704b2045e35\/edital-01-2020_assessoria-de-extensao_vagas-para-cursos-de-extensao-em-musica.pdf\">edital<\/a>.<\/p>\n\n\n\n<p>O per\u00edodo dos cursos de extens\u00e3o 2020.1 ser\u00e1 de 09 de mar\u00e7o a 30 de junho de 2020, m\u00ednimo 15 semanas e m\u00e1ximo 17 semanas.<\/p>\n\n\n\n<p>As inscri\u00e7\u00f5es ser\u00e3o realizadas no per\u00edodo de 11 a 17 de fevereiro, exclusivamente pelo&nbsp;<a href=\"https:\/\/sigaa.ufpb.br\/sigaa\/public\/extensao\/loginCursosEventosExtensao.jsf\">Sistema Integrado de Gest\u00e3o e Atividades Acad\u00eamicas (Sigaa)<\/a>, na \u00e1rea de login para acesso \u00e0 inscri\u00e7\u00e3o em cursos e eventos de extens\u00e3o.<\/p>\n\n\n\n<p>As orienta\u00e7\u00f5es para inscri\u00e7\u00e3o pelo Sigaa est\u00e3o dispon\u00edveis no Anexo II do edital. Caso o candidato precise de ajuda, poder\u00e1 comparecer no Departamento de M\u00fasica, das 8 \u00e0s 12h e das 13h \u00e0s 17h. De acordo com o edital, a taxa \u00fanica para participa\u00e7\u00e3o no curso, para novatos classificados na sele\u00e7\u00e3o e renova\u00e7\u00e3o dos veteranos \u00e9 de R$ 80,00.<\/p>\n\n\n\n<p>Os cursos s\u00e3o os seguintes:<\/p>\n\n\n\n<ul class=\"wp-block-list\"><li>Curso de Acordeon\/Sanfona<\/li><li>Curso de Aprendizagem de M\u00fasica Atrav\u00e9s do Piano<\/li><li>Curso de Aprendizagem do Piano em Grupo (APIG)<\/li><li>Curso de Composi\u00e7\u00e3o 2: instrumenta\u00e7\u00e3o e orquestra\u00e7\u00e3o<\/li><li>Curso de Composi\u00e7\u00e3o Instrumental e Eletroac\u00fastica a partir do S\u00e9culo XX<\/li><li>Curso de Extens\u00e3o em Clarinete<\/li><li>Curso de Extens\u00e3o em Clarinete Infanto-juvenil<\/li><li>Curso de Extens\u00e3o em Contrabaixo<\/li><li>Curso de Extens\u00e3o em Contrabaixo El\u00e9trico<\/li><li>Curso de Extens\u00e3o em Flauta Transversal<\/li><li>Curso de Extens\u00e3o em Obo\u00e9<\/li><li>Curso de Extens\u00e3o em Saxofone<\/li><li>Curso de Extens\u00e3o em Trombone<\/li><li>Curso de Extens\u00e3o Ensino de Harpa<\/li><li>Curso de Guitarra El\u00e9trica<\/li><li>Curso de Teoria e Percep\u00e7\u00e3o Musical<\/li><li>Curso de Viola<\/li><li>Curso Edi\u00e7\u00e3o de Partituras e Nota\u00e7\u00e3o Musical<\/li><li>Curso Ensino de Piano em Grupo<\/li><li>Curso Pr\u00e1tico Preparat\u00f3rio de Fagote<\/li><li>Curso Pr\u00e1tico Preparat\u00f3rio de Trompete<\/li><li>Curso Preparat\u00f3rio de Canto (erudito)<\/li><li>Curso Preparat\u00f3rio de Viola<\/li><li>Curso Preparat\u00f3rio de Violino (Intermedi\u00e1rio e Avan\u00e7ado)<\/li><li>Curso de Musicaliza\u00e7\u00e3o em Violino<\/li><li>Curso de Musicaliza\u00e7\u00e3o Infantil Atrav\u00e9s do Violino e da Viola<\/li><li>Curso de Pr\u00e1tico Preparat\u00f3rio de Euf\u00f4nio<\/li><li>Curso de Pr\u00e1tico Preparat\u00f3rio de Tuba<\/li><li>Curso de Viol\u00e3o<\/li><\/ul>\n\n\n\n<p><strong>&nbsp;Sele\u00e7\u00e3o<\/strong><br><\/p>\n\n\n\n<p>Os candidatos ser\u00e3o submetidos a uma entrevista ou teste de habilidade espec\u00edfica, junto \u00e0 coordena\u00e7\u00e3o de cada curso, nos dias 19 ou 20 de fevereiro. As orienta\u00e7\u00f5es sobre esta etapa da sele\u00e7\u00e3o podem ser encontradas na planilha do Anexo I do edital.<\/p>\n\n\n\n<p>O resultado da sele\u00e7\u00e3o ser\u00e1 divulgado no endere\u00e7o eletr\u00f4nico www.ccta.ufpb.br, bem como no Quadro de Avisos da Extens\u00e3o do Departamento de M\u00fasica \u2013 Demus e na sala da Assessoria de Extens\u00e3o do Centro, a partir das 16h do dia 21 de fevereiro.<\/p>\n\n\n\n<p>A confirma\u00e7\u00e3o da matr\u00edcula dos novatos e veteranos ser\u00e1 presencial, no per\u00edodo de 28 de fevereiro a 03 de mar\u00e7o, no Departamento de M\u00fasica, das 8h \u00e0s 12h e das 13h \u00e0s 15h.<\/p>\n\n\n\n<p>O curso de teoria e percep\u00e7\u00e3o musical ser\u00e1 de car\u00e1ter obrigat\u00f3rio para os alunos selecionados e com v\u00ednculo regular em um dos cursos de extens\u00e3o presentes no edital, exceto se menor de 14 anos e se liberado pela coordena\u00e7\u00e3o do curso de instrumento. No ato da confirma\u00e7\u00e3o de participa\u00e7\u00e3o nos cursos, os alunos maiores de 14 anos e que j\u00e1 estudaram teoria e percep\u00e7\u00e3o musical, dever\u00e3o se submeter ao processo de avalia\u00e7\u00e3o de n\u00edvel te\u00f3rico para classifica\u00e7\u00e3o nas turmas de Teoria e Percep\u00e7\u00e3o Musical.<\/p>\n\n\n\n<p>Para obter mais informa\u00e7\u00f5es, os interessados devem entrar em contato por meio dos telefones: (83) 3216-7123\/ ou (83) 3209-8706.&nbsp;<\/p>\n\n\n\n<p>Tamb\u00e9m pelos e-mails:&nbsp;<\/p>\n\n\n\n<ul class=\"wp-block-list\"><li>extensao.demus.ufpb@gmail.com<\/li><li>assessoriadeextensao.ccta.ufpb@gmail.com<\/li><\/ul>\n","protected":false},"excerpt":{"rendered":"<p>A Universidade Federal da Para\u00edba (UFPB) divulgou, nesta sexta-feira (07), edital para oferta de 330 vagas distribu\u00eddas em 29 cursos do Programa de Extens\u00e3o em&hellip; <\/p>\n","protected":false},"author":1,"featured_media":151783,"comment_status":"closed","ping_status":"closed","sticky":false,"template":"","format":"standard","meta":{"sfsi_plus_gutenberg_text_before_share":"","sfsi_plus_gutenberg_show_text_before_share":"","sfsi_plus_gutenberg_icon_type":"","sfsi_plus_gutenberg_icon_alignemt":"","sfsi_plus_gutenburg_max_per_row":"","footnotes":""},"categories":[50,14],"tags":[],"class_list":["post-152262","post","type-post","status-publish","format-standard","has-post-thumbnail","hentry","category-destaque","category-educacao"],"_links":{"self":[{"href":"https:\/\/www.caririemacao.com\/1\/wp-json\/wp\/v2\/posts\/152262","targetHints":{"allow":["GET"]}}],"collection":[{"href":"https:\/\/www.caririemacao.com\/1\/wp-json\/wp\/v2\/posts"}],"about":[{"href":"https:\/\/www.caririemacao.com\/1\/wp-json\/wp\/v2\/types\/post"}],"author":[{"embeddable":true,"href":"https:\/\/www.caririemacao.com\/1\/wp-json\/wp\/v2\/users\/1"}],"replies":[{"embeddable":true,"href":"https:\/\/www.caririemacao.com\/1\/wp-json\/wp\/v2\/comments?post=152262"}],"version-history":[{"count":1,"href":"https:\/\/www.caririemacao.com\/1\/wp-json\/wp\/v2\/posts\/152262\/revisions"}],"predecessor-version":[{"id":152264,"href":"https:\/\/www.caririemacao.com\/1\/wp-json\/wp\/v2\/posts\/152262\/revisions\/152264"}],"wp:featuredmedia":[{"embeddable":true,"href":"https:\/\/www.caririemacao.com\/1\/wp-json\/wp\/v2\/media\/151783"}],"wp:attachment":[{"href":"https:\/\/www.caririemacao.com\/1\/wp-json\/wp\/v2\/media?parent=152262"}],"wp:term":[{"taxonomy":"category","embeddable":true,"href":"https:\/\/www.caririemacao.com\/1\/wp-json\/wp\/v2\/categories?post=152262"},{"taxonomy":"post_tag","embeddable":true,"href":"https:\/\/www.caririemacao.com\/1\/wp-json\/wp\/v2\/tags?post=152262"}],"curies":[{"name":"wp","href":"https:\/\/api.w.org\/{rel}","templated":true}]}}