{"id":152267,"date":"2020-02-08T07:48:20","date_gmt":"2020-02-08T10:48:20","guid":{"rendered":"http:\/\/www.caririemacao.com\/1\/?p=152267"},"modified":"2020-02-08T07:48:23","modified_gmt":"2020-02-08T10:48:23","slug":"dolar-renova-recorde-e-fecha-perto-de-r-432","status":"publish","type":"post","link":"https:\/\/www.caririemacao.com\/1\/2020\/02\/08\/dolar-renova-recorde-e-fecha-perto-de-r-432\/","title":{"rendered":"D\u00f3lar renova recorde e fecha perto de R$ 4,32"},"content":{"rendered":"\n<p>O d\u00f3lar fechou em alta e renovou recorde nominal (sem considerar a infla\u00e7\u00e3o) mais uma vez nesta sexta-feira (7), fortalecido tamb\u00e9m no exterior por conta de dados econ\u00f4micos positivos dos EUA e repercutindo a desacelera\u00e7\u00e3o da infla\u00e7\u00e3o brasileira.<\/p>\n\n\n\n<p>A moeda norte-americana encerrou o dia em alta de 0,82%, vendida a R$ 4,3198. Veja mais cota\u00e7\u00f5es. Na m\u00e1xima da sess\u00e3o, marcou R$ 4,3234 \u2013 o maior valor j\u00e1 atingido durante as negocia\u00e7\u00f5es.<\/p>\n\n\n\n<p>No dia anterior, fechou em forte alta de 1,08%, vendida a R$ 4,2847. No ano, acumula alta de 6,86%. O recorde de fechamento, at\u00e9 agora, \u00e9 de R$ 4,2850, alcan\u00e7ado em 31 de janeiro.<\/p>\n\n\n\n<p><strong>Cen\u00e1rio local<\/strong><br><\/p>\n\n\n\n<p>O movimento de alta do d\u00f3lar est\u00e1 alinhado com a valoriza\u00e7\u00e3o da moeda em rela\u00e7\u00e3o a outras de mercados emergentes. No entanto, mesmo com a cota\u00e7\u00e3o nas alturas, os juros futuros se ajustam em baixa, ap\u00f3s a infla\u00e7\u00e3o oficial de janeiro ficar abaixo da expectativa do mercado, destaca o Valor Online.<\/p>\n\n\n\n<p>O IPCA de janeiro registrou o menor n\u00edvel para o m\u00eas desde o in\u00edcio do Plano Real ao subir 0,21%. Isso voltou a trazer questionamentos sobre o espa\u00e7o para novos cortes da Selic, mesmo depois de o Banco Central declarar que \u00e9 adequada a interrup\u00e7\u00e3o do afrouxamento monet\u00e1rio, segundo o Valor Online.<\/p>\n\n\n\n<p>A analista You-Na Park-Heger, do Commerzbank, nota que o real sofreu significativamente nas \u00faltimas semanas com especula\u00e7\u00f5es de cortes nas taxas de juros.<\/p>\n\n\n\n<p>&#8220;Agora que isso aconteceu e o BC anunciou que n\u00e3o h\u00e1 mais redu\u00e7\u00f5es na agenda, o real n\u00e3o deve sofrer mais press\u00e3o de deprecia\u00e7\u00e3o por esse lado. No entanto, a taxa de juros historicamente baixa permanece um fator oneroso para o real, especialmente porque o juro real est\u00e1 pr\u00f3ximo de zero&#8221;, diz a analista.<\/p>\n\n\n\n<p>Assim, o Commerzbank n\u00e3o espera uma recupera\u00e7\u00e3o do real por enquanto e diz que a moeda brasileira continua vulner\u00e1vel a fases de maior avers\u00e3o a risco.<\/p>\n\n\n\n<p>Al\u00e9m disso, continuam no foco as preocupa\u00e7\u00f5es dos investidores com o coronav\u00edrus e com o impacto sobre a economia. Ontem, os economistas do J.P. Morgan revisaram a proje\u00e7\u00e3o de crescimento do Produto Interno Bruto (PIB) brasileiro neste ano de 2% para 1,9%, na esteira da dissemina\u00e7\u00e3o do novo v\u00edrus.<\/p>\n","protected":false},"excerpt":{"rendered":"<p>O d\u00f3lar fechou em alta e renovou recorde nominal (sem considerar a infla\u00e7\u00e3o) mais uma vez nesta sexta-feira (7), fortalecido tamb\u00e9m no exterior por conta&hellip; <\/p>\n","protected":false},"author":1,"featured_media":146807,"comment_status":"closed","ping_status":"closed","sticky":false,"template":"","format":"standard","meta":{"sfsi_plus_gutenberg_text_before_share":"","sfsi_plus_gutenberg_show_text_before_share":"","sfsi_plus_gutenberg_icon_type":"","sfsi_plus_gutenberg_icon_alignemt":"","sfsi_plus_gutenburg_max_per_row":"","footnotes":""},"categories":[2],"tags":[],"class_list":["post-152267","post","type-post","status-publish","format-standard","has-post-thumbnail","hentry","category-geral"],"_links":{"self":[{"href":"https:\/\/www.caririemacao.com\/1\/wp-json\/wp\/v2\/posts\/152267","targetHints":{"allow":["GET"]}}],"collection":[{"href":"https:\/\/www.caririemacao.com\/1\/wp-json\/wp\/v2\/posts"}],"about":[{"href":"https:\/\/www.caririemacao.com\/1\/wp-json\/wp\/v2\/types\/post"}],"author":[{"embeddable":true,"href":"https:\/\/www.caririemacao.com\/1\/wp-json\/wp\/v2\/users\/1"}],"replies":[{"embeddable":true,"href":"https:\/\/www.caririemacao.com\/1\/wp-json\/wp\/v2\/comments?post=152267"}],"version-history":[{"count":1,"href":"https:\/\/www.caririemacao.com\/1\/wp-json\/wp\/v2\/posts\/152267\/revisions"}],"predecessor-version":[{"id":152268,"href":"https:\/\/www.caririemacao.com\/1\/wp-json\/wp\/v2\/posts\/152267\/revisions\/152268"}],"wp:featuredmedia":[{"embeddable":true,"href":"https:\/\/www.caririemacao.com\/1\/wp-json\/wp\/v2\/media\/146807"}],"wp:attachment":[{"href":"https:\/\/www.caririemacao.com\/1\/wp-json\/wp\/v2\/media?parent=152267"}],"wp:term":[{"taxonomy":"category","embeddable":true,"href":"https:\/\/www.caririemacao.com\/1\/wp-json\/wp\/v2\/categories?post=152267"},{"taxonomy":"post_tag","embeddable":true,"href":"https:\/\/www.caririemacao.com\/1\/wp-json\/wp\/v2\/tags?post=152267"}],"curies":[{"name":"wp","href":"https:\/\/api.w.org\/{rel}","templated":true}]}}