{"id":152270,"date":"2020-02-08T07:50:40","date_gmt":"2020-02-08T10:50:40","guid":{"rendered":"http:\/\/www.caririemacao.com\/1\/?p=152270"},"modified":"2020-02-08T07:50:42","modified_gmt":"2020-02-08T10:50:42","slug":"feliciano-fala-em-golpe-na-alpb-contra-governo-e-confia-na-experiencia-de-galdino-para-barrar-o-processo","status":"publish","type":"post","link":"https:\/\/www.caririemacao.com\/1\/2020\/02\/08\/feliciano-fala-em-golpe-na-alpb-contra-governo-e-confia-na-experiencia-de-galdino-para-barrar-o-processo\/","title":{"rendered":"Feliciano fala em golpe na ALPB contra Governo e confia na experi\u00eancia de Galdino para barrar o processo"},"content":{"rendered":"\n<p>O deputado federal Dami\u00e3o Feliciano (PDT) denunciou, nesta sexta-feira (7), uma tentativa de golpe por parte da Assembleia Legislativa da Para\u00edba (ALPB) contra o Governo do Estado. Ele se refere ao pedido de impeachment do governador Jo\u00e3o Azev\u00eado (Cidadania) e da vice-governadora L\u00edgia Feliciano (PDT), protocolado pelo deputado estadual Wallber Virgolino (Patriota) e submetido pelo presidente da ALPB, Adriano Galdino, \u00e0 assessoria jur\u00eddica da Casa.<\/p>\n\n\n\n<p>\u201cEmbutiram nesse pedido de Jo\u00e3o, o pedido do impeachment da vice. Se o governador n\u00e3o cometeu crime de responsabilidade, est\u00e3o dizendo que L\u00edgia deve ser impechmada [sic] por ser coautora. Isso nunca aconteceu na hist\u00f3ria deste pa\u00eds. Quando Collor foi afastado, foi por crime de responsabilidade dele. Quando Dilma foi impechmada [sic], quem assumiu foi Temer. Se isso acontecer, quem assumiria \u00e9 o Governo do Estado \u00e9 o presidente da Assembleia Legislativa da Para\u00edba, Adriano Galdino, o beneficiado direto do desfecho desses acontecimentos\u201d, afirmou.<\/p>\n\n\n\n<p>Dami\u00e3o espera, no entanto, que Galdino barre o processo pois se trataria, na vis\u00e3o dele, de um golpe jamais visto na hist\u00f3ria da Para\u00edba e do Brasil. Ele confia na experi\u00eancia do presidente para saber gerir a situa\u00e7\u00e3o e impedir o prosseguimento do \u201cgolpe\u201d.<\/p>\n\n\n\n<p>\u201cAcredito que o presidente Adriano Galdino n\u00e3o vai admitir que isso aconte\u00e7a. \u00c9 um golpe, uma manobra, esdr\u00faxulo, extempor\u00e2neo e absurdo para a Para\u00edba. Outra coisa: a pe\u00e7a n\u00e3o tem fundamento nenhum. Nem para o governador, muito menos para a vice-governadora. Adriano \u00e9 um presidente experiente. Ele sabe que isso n\u00e3o pode prosseguir. Ele vai ter que admitir, eu sei que ele est\u00e1 pedindo para assessoria jur\u00eddica dar o parecer, mas ele sabe que nunca aconteceu no Brasil o impeachment de duas pessoas o mesmo tempo\u201d, avaliou.<\/p>\n\n\n\n<p>As falas do parlamentar repercutiram no programa \u2018Hora H\u2019, apresentado pelos jornalistas Heron Cid e Wallisson Bezerra.<\/p>\n","protected":false},"excerpt":{"rendered":"<p>O deputado federal Dami\u00e3o Feliciano (PDT) denunciou, nesta sexta-feira (7), uma tentativa de golpe por parte da Assembleia Legislativa da Para\u00edba (ALPB) contra o Governo&hellip; <\/p>\n","protected":false},"author":1,"featured_media":54248,"comment_status":"closed","ping_status":"closed","sticky":false,"template":"","format":"standard","meta":{"sfsi_plus_gutenberg_text_before_share":"","sfsi_plus_gutenberg_show_text_before_share":"","sfsi_plus_gutenberg_icon_type":"","sfsi_plus_gutenberg_icon_alignemt":"","sfsi_plus_gutenburg_max_per_row":"","footnotes":""},"categories":[11],"tags":[],"class_list":["post-152270","post","type-post","status-publish","format-standard","has-post-thumbnail","hentry","category-politica"],"_links":{"self":[{"href":"https:\/\/www.caririemacao.com\/1\/wp-json\/wp\/v2\/posts\/152270","targetHints":{"allow":["GET"]}}],"collection":[{"href":"https:\/\/www.caririemacao.com\/1\/wp-json\/wp\/v2\/posts"}],"about":[{"href":"https:\/\/www.caririemacao.com\/1\/wp-json\/wp\/v2\/types\/post"}],"author":[{"embeddable":true,"href":"https:\/\/www.caririemacao.com\/1\/wp-json\/wp\/v2\/users\/1"}],"replies":[{"embeddable":true,"href":"https:\/\/www.caririemacao.com\/1\/wp-json\/wp\/v2\/comments?post=152270"}],"version-history":[{"count":1,"href":"https:\/\/www.caririemacao.com\/1\/wp-json\/wp\/v2\/posts\/152270\/revisions"}],"predecessor-version":[{"id":152271,"href":"https:\/\/www.caririemacao.com\/1\/wp-json\/wp\/v2\/posts\/152270\/revisions\/152271"}],"wp:featuredmedia":[{"embeddable":true,"href":"https:\/\/www.caririemacao.com\/1\/wp-json\/wp\/v2\/media\/54248"}],"wp:attachment":[{"href":"https:\/\/www.caririemacao.com\/1\/wp-json\/wp\/v2\/media?parent=152270"}],"wp:term":[{"taxonomy":"category","embeddable":true,"href":"https:\/\/www.caririemacao.com\/1\/wp-json\/wp\/v2\/categories?post=152270"},{"taxonomy":"post_tag","embeddable":true,"href":"https:\/\/www.caririemacao.com\/1\/wp-json\/wp\/v2\/tags?post=152270"}],"curies":[{"name":"wp","href":"https:\/\/api.w.org\/{rel}","templated":true}]}}