{"id":152274,"date":"2020-02-08T07:52:35","date_gmt":"2020-02-08T10:52:35","guid":{"rendered":"http:\/\/www.caririemacao.com\/1\/?p=152274"},"modified":"2020-02-08T07:52:36","modified_gmt":"2020-02-08T10:52:36","slug":"presidente-da-assembleia-legislativa-estranha-declaracoes-de-damiao-feliciano-sobre-a-casa-legislativa","status":"publish","type":"post","link":"https:\/\/www.caririemacao.com\/1\/2020\/02\/08\/presidente-da-assembleia-legislativa-estranha-declaracoes-de-damiao-feliciano-sobre-a-casa-legislativa\/","title":{"rendered":"Presidente da Assembleia Legislativa estranha declara\u00e7\u00f5es de Dami\u00e3o Feliciano sobre a casa legislativa"},"content":{"rendered":"\n<p>O presidente da Assembleia Legislativa da Para\u00edba (ALPB), Adriano Galdino, recebeu com estranheza as declara\u00e7\u00f5es do deputado federal Dami\u00e3o Feliciano, acusando a ALPB de estar envolvida num suposto golpe, por conta de requerimento protocolado pelo deputado estadual Wallber Virgolino e outros parlamentares, pedindo o impeachment do governador Jo\u00e3o Azev\u00eado e da vice-governadora Ligia Feliciano.<\/p>\n\n\n\n<p>Segundo Adriano Galdino, \u00e9 prerrogativa de qualquer parlamentar apresentar requerimentos e projetos de Lei, desde que observado todos os pr\u00e9-requisitos regimentais, n\u00e3o podendo essa prerrogativa ser tolhida em qualquer hip\u00f3tese.<\/p>\n\n\n\n<p>Os deputados de oposi\u00e7\u00e3o denunciaram a exist\u00eancia de suposto crime de responsabilidade e que a elei\u00e7\u00e3o do governador e da vice foi viciada.<\/p>\n\n\n\n<p>J\u00e1 o deputado Dami\u00e3o Feliciano entende que \u00e9 poss\u00edvel o processo de impeachment contra o governador Jo\u00e3o Azev\u00eado, mas n\u00e3o de sua mulher, a vice-governadora L\u00edgia Feliciano.<\/p>\n\n\n\n<p>Adriano Galdino ressalta ainda que por se tratar de mat\u00e9ria in\u00e9dita na Casa Epit\u00e1cio Pessoa e que envolve preceitos jur\u00eddicos, assim como em outros casos semelhantes, decidiu encaminhar o requerimento para a Procuradoria Jur\u00eddica da Casa, para que todos os requisitos jur\u00eddicos e legislativos fossem verificados pelo setor competente.<\/p>\n\n\n\n<p>Por fim, Adriano ressalta que, desde a campanha eleitoral de 2018 e durante todo o ano de 2019, j\u00e1 demonstrou seu apoio pol\u00edtico ao governador Jo\u00e3o Azev\u00eado e, na condi\u00e7\u00e3o de Presidente, lhe cabe agir com equil\u00edbrio e prud\u00eancia no comando do Poder Legislativo.<\/p>\n","protected":false},"excerpt":{"rendered":"<p>O presidente da Assembleia Legislativa da Para\u00edba (ALPB), Adriano Galdino, recebeu com estranheza as declara\u00e7\u00f5es do deputado federal Dami\u00e3o Feliciano, acusando a ALPB de estar&hellip; <\/p>\n","protected":false},"author":1,"featured_media":124900,"comment_status":"closed","ping_status":"closed","sticky":false,"template":"","format":"standard","meta":{"sfsi_plus_gutenberg_text_before_share":"","sfsi_plus_gutenberg_show_text_before_share":"","sfsi_plus_gutenberg_icon_type":"","sfsi_plus_gutenberg_icon_alignemt":"","sfsi_plus_gutenburg_max_per_row":"","footnotes":""},"categories":[11],"tags":[],"class_list":["post-152274","post","type-post","status-publish","format-standard","has-post-thumbnail","hentry","category-politica"],"_links":{"self":[{"href":"https:\/\/www.caririemacao.com\/1\/wp-json\/wp\/v2\/posts\/152274","targetHints":{"allow":["GET"]}}],"collection":[{"href":"https:\/\/www.caririemacao.com\/1\/wp-json\/wp\/v2\/posts"}],"about":[{"href":"https:\/\/www.caririemacao.com\/1\/wp-json\/wp\/v2\/types\/post"}],"author":[{"embeddable":true,"href":"https:\/\/www.caririemacao.com\/1\/wp-json\/wp\/v2\/users\/1"}],"replies":[{"embeddable":true,"href":"https:\/\/www.caririemacao.com\/1\/wp-json\/wp\/v2\/comments?post=152274"}],"version-history":[{"count":1,"href":"https:\/\/www.caririemacao.com\/1\/wp-json\/wp\/v2\/posts\/152274\/revisions"}],"predecessor-version":[{"id":152275,"href":"https:\/\/www.caririemacao.com\/1\/wp-json\/wp\/v2\/posts\/152274\/revisions\/152275"}],"wp:featuredmedia":[{"embeddable":true,"href":"https:\/\/www.caririemacao.com\/1\/wp-json\/wp\/v2\/media\/124900"}],"wp:attachment":[{"href":"https:\/\/www.caririemacao.com\/1\/wp-json\/wp\/v2\/media?parent=152274"}],"wp:term":[{"taxonomy":"category","embeddable":true,"href":"https:\/\/www.caririemacao.com\/1\/wp-json\/wp\/v2\/categories?post=152274"},{"taxonomy":"post_tag","embeddable":true,"href":"https:\/\/www.caririemacao.com\/1\/wp-json\/wp\/v2\/tags?post=152274"}],"curies":[{"name":"wp","href":"https:\/\/api.w.org\/{rel}","templated":true}]}}