{"id":152278,"date":"2020-02-08T07:54:21","date_gmt":"2020-02-08T10:54:21","guid":{"rendered":"http:\/\/www.caririemacao.com\/1\/?p=152278"},"modified":"2020-02-08T07:54:22","modified_gmt":"2020-02-08T10:54:22","slug":"quem-aceita-governador-de-estado-nordestino-aceita-baixar-icms-para-reduzir-preco-da-gasolina","status":"publish","type":"post","link":"https:\/\/www.caririemacao.com\/1\/2020\/02\/08\/quem-aceita-governador-de-estado-nordestino-aceita-baixar-icms-para-reduzir-preco-da-gasolina\/","title":{"rendered":"QUEM ACEITA? Governador de estado nordestino aceita baixar ICMS para reduzir pre\u00e7o da gasolina"},"content":{"rendered":"\n<p>Os governadores do Acre, Gladson Cameli e Piau\u00ed (PP), Wellington Dias (PT) j\u00e1 sinalizam positivamente para reduzir a al\u00edquota do ICMS em seus estados, com o objetivo de reduzir o valor da gasolina. O desafio foi proposto pelo presidente da Rep\u00fablica, Jair Bolsonaro, que deve enviar uma proposta de mudan\u00e7as na legisla\u00e7\u00e3o ao Congresso Nacional e lutar\u00e1 pela sua aprova\u00e7\u00e3o.<\/p>\n\n\n\n<p>Em janeiro, ele declarou que is pre\u00e7os n\u00e3o diminuem porque os governadores cobram, em m\u00e9dia 30% de ICMS, sobre o valor m\u00e9dio cobrado nas bombas dos postos e atualizam apenas de 15 em 15 dias, prejudicando o consumidor.<\/p>\n\n\n\n<p>Os governadores do Acre, e do Piau\u00ed se pronunciaram sobre o assunto, mas Wellington Dias (PT) foi o \u00fanico at\u00e9 agora que aceitou o desafio. \u201cA resposta \u00e9 sim, n\u00f3s queremos tratar de redu\u00e7\u00e3o, de simplifica\u00e7\u00e3o da \u00e1rea tribut\u00e1ria, do fim da guerra fiscal, queremos com isso que o pa\u00eds tenha uma outra modelagem, com o fim das desigualdades regionais, basta que o presidente diga ao seu l\u00edder e ao Presidente da C\u00e2mara e do senado: eu quero que a gente tenha isso e eu sou favor\u00e1vel \u00e0 aprova\u00e7\u00e3o da reforma tribut\u00e1ria\u201d, disse Wellington Dias.<br><\/p>\n\n\n\n<p>Embora o governo n\u00e3o tenha divulgado detalhes da proposta \u2013 \u00e9 colocar um valor fixo de ICMS por litro e n\u00e3o mais sobre a m\u00e9dia do pre\u00e7o cobrado nos postos. Para o presidente, o imposto deveria incidir sobre os pre\u00e7os nas refinarias, e n\u00e3o no consumo. Com isso, toda vez que o pre\u00e7o do combust\u00edvel ca\u00edsse na refinaria, o valor do imposto imediatamente seria menor, o que, teoricamente, permitiria que a queda nos pre\u00e7os chegasse mais r\u00e1pido aos consumidores.<\/p>\n","protected":false},"excerpt":{"rendered":"<p>Os governadores do Acre, Gladson Cameli e Piau\u00ed (PP), Wellington Dias (PT) j\u00e1 sinalizam positivamente para reduzir a al\u00edquota do ICMS em seus estados, com&hellip; <\/p>\n","protected":false},"author":1,"featured_media":152279,"comment_status":"closed","ping_status":"closed","sticky":false,"template":"","format":"standard","meta":{"sfsi_plus_gutenberg_text_before_share":"","sfsi_plus_gutenberg_show_text_before_share":"","sfsi_plus_gutenberg_icon_type":"","sfsi_plus_gutenberg_icon_alignemt":"","sfsi_plus_gutenburg_max_per_row":"","footnotes":""},"categories":[11],"tags":[],"class_list":["post-152278","post","type-post","status-publish","format-standard","has-post-thumbnail","hentry","category-politica"],"_links":{"self":[{"href":"https:\/\/www.caririemacao.com\/1\/wp-json\/wp\/v2\/posts\/152278","targetHints":{"allow":["GET"]}}],"collection":[{"href":"https:\/\/www.caririemacao.com\/1\/wp-json\/wp\/v2\/posts"}],"about":[{"href":"https:\/\/www.caririemacao.com\/1\/wp-json\/wp\/v2\/types\/post"}],"author":[{"embeddable":true,"href":"https:\/\/www.caririemacao.com\/1\/wp-json\/wp\/v2\/users\/1"}],"replies":[{"embeddable":true,"href":"https:\/\/www.caririemacao.com\/1\/wp-json\/wp\/v2\/comments?post=152278"}],"version-history":[{"count":1,"href":"https:\/\/www.caririemacao.com\/1\/wp-json\/wp\/v2\/posts\/152278\/revisions"}],"predecessor-version":[{"id":152280,"href":"https:\/\/www.caririemacao.com\/1\/wp-json\/wp\/v2\/posts\/152278\/revisions\/152280"}],"wp:featuredmedia":[{"embeddable":true,"href":"https:\/\/www.caririemacao.com\/1\/wp-json\/wp\/v2\/media\/152279"}],"wp:attachment":[{"href":"https:\/\/www.caririemacao.com\/1\/wp-json\/wp\/v2\/media?parent=152278"}],"wp:term":[{"taxonomy":"category","embeddable":true,"href":"https:\/\/www.caririemacao.com\/1\/wp-json\/wp\/v2\/categories?post=152278"},{"taxonomy":"post_tag","embeddable":true,"href":"https:\/\/www.caririemacao.com\/1\/wp-json\/wp\/v2\/tags?post=152278"}],"curies":[{"name":"wp","href":"https:\/\/api.w.org\/{rel}","templated":true}]}}