{"id":152283,"date":"2020-02-08T07:59:48","date_gmt":"2020-02-08T10:59:48","guid":{"rendered":"http:\/\/www.caririemacao.com\/1\/?p=152283"},"modified":"2020-02-08T07:59:49","modified_gmt":"2020-02-08T10:59:49","slug":"galdino-reitera-apoio-ao-pacto-de-governabilidade-proposto-por-joao-azevedo","status":"publish","type":"post","link":"https:\/\/www.caririemacao.com\/1\/2020\/02\/08\/galdino-reitera-apoio-ao-pacto-de-governabilidade-proposto-por-joao-azevedo\/","title":{"rendered":"Galdino reitera apoio ao pacto de governabilidade proposto por Jo\u00e3o Azevedo"},"content":{"rendered":"\n<p>Em fala \u00e0 imprensa, o presidente da Assembleia Legislativa, deputado Adriano Galdino (PSB), fez quest\u00e3o de deixar claro seu apoio ao pacto de governabilidade em defesa dos interesses da Para\u00edba, proposta na abertura dos trabalhos legislativos pelo governador Jo\u00e3o Azev\u00eado (Cidadania).<\/p>\n\n\n\n<p>O presidente da ALPB disse concordar com o governador Jo\u00e3o Azev\u00eado no que diz respeito \u00e0 necessidade de um pacto de governabilidade para o Estado. \u201cIsso n\u00e3o \u00e9 importante somente para enfrentar as dificuldades, como tamb\u00e9m porque \u00e9 fundamental e constitucional na rela\u00e7\u00e3o entre os poderes\u201d, disse.<\/p>\n\n\n\n<p>Galdino tamb\u00e9m opinou sobre projeto do governo que trata da PB-Sa\u00fade, que segundo ele j\u00e1 pode ser votado na pr\u00f3xima semana. \u201cAcho que esse projeto \u00e9 quase consensual aqui na Casa e n\u00e3o deve enfrentar problemas para a aprova\u00e7\u00e3o\u201d, afirmou o deputado.<\/p>\n\n\n\n<p>J\u00e1 ao opinar sobre a reforma da Previd\u00eancia, o presidente da Assembleia explicou que essa ainda deve ser tema de alguns debates para depois chegar \u00e0s comiss\u00f5es, e que essa tramita\u00e7\u00e3o deve levar a discuss\u00e3o e vota\u00e7\u00e3o em plen\u00e1rio para o come\u00e7o do pr\u00f3ximo m\u00eas.<\/p>\n\n\n\n<p>O governador Jo\u00e3o Azev\u00eado (Cidadania) prop\u00f4s, ontem, em seu pronunciamento na abertura dos trabalhos da Assembleia Legislativa, um pacto de governabilidade em defesa dos interesses da Para\u00edba.&nbsp; \u201cO Poder Executivo necessita da compreens\u00e3o do Poder Legislativo para que haja esse pacto em defesa da governabilidade\u201d, disse Jo\u00e3o.<\/p>\n\n\n\n<p>Fonte: PBAgora<\/p>\n","protected":false},"excerpt":{"rendered":"<p>Em fala \u00e0 imprensa, o presidente da Assembleia Legislativa, deputado Adriano Galdino (PSB), fez quest\u00e3o de deixar claro seu apoio ao pacto de governabilidade em&hellip; <\/p>\n","protected":false},"author":1,"featured_media":57040,"comment_status":"closed","ping_status":"closed","sticky":false,"template":"","format":"standard","meta":{"sfsi_plus_gutenberg_text_before_share":"","sfsi_plus_gutenberg_show_text_before_share":"","sfsi_plus_gutenberg_icon_type":"","sfsi_plus_gutenberg_icon_alignemt":"","sfsi_plus_gutenburg_max_per_row":"","footnotes":""},"categories":[11],"tags":[],"class_list":["post-152283","post","type-post","status-publish","format-standard","has-post-thumbnail","hentry","category-politica"],"_links":{"self":[{"href":"https:\/\/www.caririemacao.com\/1\/wp-json\/wp\/v2\/posts\/152283","targetHints":{"allow":["GET"]}}],"collection":[{"href":"https:\/\/www.caririemacao.com\/1\/wp-json\/wp\/v2\/posts"}],"about":[{"href":"https:\/\/www.caririemacao.com\/1\/wp-json\/wp\/v2\/types\/post"}],"author":[{"embeddable":true,"href":"https:\/\/www.caririemacao.com\/1\/wp-json\/wp\/v2\/users\/1"}],"replies":[{"embeddable":true,"href":"https:\/\/www.caririemacao.com\/1\/wp-json\/wp\/v2\/comments?post=152283"}],"version-history":[{"count":1,"href":"https:\/\/www.caririemacao.com\/1\/wp-json\/wp\/v2\/posts\/152283\/revisions"}],"predecessor-version":[{"id":152284,"href":"https:\/\/www.caririemacao.com\/1\/wp-json\/wp\/v2\/posts\/152283\/revisions\/152284"}],"wp:featuredmedia":[{"embeddable":true,"href":"https:\/\/www.caririemacao.com\/1\/wp-json\/wp\/v2\/media\/57040"}],"wp:attachment":[{"href":"https:\/\/www.caririemacao.com\/1\/wp-json\/wp\/v2\/media?parent=152283"}],"wp:term":[{"taxonomy":"category","embeddable":true,"href":"https:\/\/www.caririemacao.com\/1\/wp-json\/wp\/v2\/categories?post=152283"},{"taxonomy":"post_tag","embeddable":true,"href":"https:\/\/www.caririemacao.com\/1\/wp-json\/wp\/v2\/tags?post=152283"}],"curies":[{"name":"wp","href":"https:\/\/api.w.org\/{rel}","templated":true}]}}