{"id":152289,"date":"2020-02-08T08:02:16","date_gmt":"2020-02-08T11:02:16","guid":{"rendered":"http:\/\/www.caririemacao.com\/1\/?p=152289"},"modified":"2020-02-08T08:02:18","modified_gmt":"2020-02-08T11:02:18","slug":"taxa-media-de-juros-do-cheque-especial-fica-em-796-em-fevereiro","status":"publish","type":"post","link":"https:\/\/www.caririemacao.com\/1\/2020\/02\/08\/taxa-media-de-juros-do-cheque-especial-fica-em-796-em-fevereiro\/","title":{"rendered":"Taxa m\u00e9dia de juros do cheque especial fica em 7,96% em fevereiro"},"content":{"rendered":"\n<p>Em fevereiro, a taxa m\u00e9dia de juros do cheque especial caiu 0,04 ponto percentual em rela\u00e7\u00e3o ao m\u00eas anterior, segundo levantamento da Funda\u00e7\u00e3o Procon, em S\u00e3o Paulo.<\/p>\n\n\n\n<p>No cheque especial, a taxa m\u00e9dia dos bancos estava em 7,96% ao m\u00eas. O \u00fanico banco que apresentou queda em sua taxa foi o Banco do Brasil, de 7,73% ao m\u00eas.<\/p>\n\n\n\n<p>J\u00e1 no empr\u00e9stimo pessoal, a taxa m\u00e9dia de juros estava em 6,17% ao m\u00eas, sem altera\u00e7\u00e3o em compara\u00e7\u00e3o a janeiro.<\/p>\n\n\n\n<p>O Banco Central, por meio da Resolu\u00e7\u00e3o n\u00ba 4.765, de 27 de novembro de 2019, limitou a cobran\u00e7a da taxa de juros do cheque especial para pessoa f\u00edsica em 8% ao m\u00eas. A Resolu\u00e7\u00e3o passou a vigorar em 6 de janeiro deste ano.<\/p>\n\n\n\n<p>Especialistas da Funda\u00e7\u00e3o Procon alertam o consumidor para ter cautela ao fazer compras, evitando contrair d\u00edvidas, j\u00e1 que as taxas cobradas pelos bancos ainda est\u00e3o elevadas. Segundo o Procon, os juros cobrados sobre o cheque especial s\u00e3o o segundo maior do mercado financeiro, atr\u00e1s apenas das taxas cobradas sobre o uso do cart\u00e3o de cr\u00e9dito.<\/p>\n\n\n\n<p>O levantamento foi feito no dia 4 de fevereiro no Banco do Brasil, Bradesco, Caixa Econ\u00f4mica Federal, Ita\u00fa, Safra e Santander.<br><\/p>\n\n\n\n<p><br><strong>Ag\u00eancia Brasil<\/strong><\/p>\n","protected":false},"excerpt":{"rendered":"<p>Em fevereiro, a taxa m\u00e9dia de juros do cheque especial caiu 0,04 ponto percentual em rela\u00e7\u00e3o ao m\u00eas anterior, segundo levantamento da Funda\u00e7\u00e3o Procon, em&hellip; <\/p>\n","protected":false},"author":1,"featured_media":152290,"comment_status":"closed","ping_status":"closed","sticky":false,"template":"","format":"standard","meta":{"sfsi_plus_gutenberg_text_before_share":"","sfsi_plus_gutenberg_show_text_before_share":"","sfsi_plus_gutenberg_icon_type":"","sfsi_plus_gutenberg_icon_alignemt":"","sfsi_plus_gutenburg_max_per_row":"","footnotes":""},"categories":[2],"tags":[],"class_list":["post-152289","post","type-post","status-publish","format-standard","has-post-thumbnail","hentry","category-geral"],"_links":{"self":[{"href":"https:\/\/www.caririemacao.com\/1\/wp-json\/wp\/v2\/posts\/152289","targetHints":{"allow":["GET"]}}],"collection":[{"href":"https:\/\/www.caririemacao.com\/1\/wp-json\/wp\/v2\/posts"}],"about":[{"href":"https:\/\/www.caririemacao.com\/1\/wp-json\/wp\/v2\/types\/post"}],"author":[{"embeddable":true,"href":"https:\/\/www.caririemacao.com\/1\/wp-json\/wp\/v2\/users\/1"}],"replies":[{"embeddable":true,"href":"https:\/\/www.caririemacao.com\/1\/wp-json\/wp\/v2\/comments?post=152289"}],"version-history":[{"count":1,"href":"https:\/\/www.caririemacao.com\/1\/wp-json\/wp\/v2\/posts\/152289\/revisions"}],"predecessor-version":[{"id":152291,"href":"https:\/\/www.caririemacao.com\/1\/wp-json\/wp\/v2\/posts\/152289\/revisions\/152291"}],"wp:featuredmedia":[{"embeddable":true,"href":"https:\/\/www.caririemacao.com\/1\/wp-json\/wp\/v2\/media\/152290"}],"wp:attachment":[{"href":"https:\/\/www.caririemacao.com\/1\/wp-json\/wp\/v2\/media?parent=152289"}],"wp:term":[{"taxonomy":"category","embeddable":true,"href":"https:\/\/www.caririemacao.com\/1\/wp-json\/wp\/v2\/categories?post=152289"},{"taxonomy":"post_tag","embeddable":true,"href":"https:\/\/www.caririemacao.com\/1\/wp-json\/wp\/v2\/tags?post=152289"}],"curies":[{"name":"wp","href":"https:\/\/api.w.org\/{rel}","templated":true}]}}