{"id":152294,"date":"2020-02-08T08:07:45","date_gmt":"2020-02-08T11:07:45","guid":{"rendered":"http:\/\/www.caririemacao.com\/1\/?p=152294"},"modified":"2020-02-08T08:07:46","modified_gmt":"2020-02-08T11:07:46","slug":"base-aerea-de-anapolis-esta-pronta-para-receber-repatriados","status":"publish","type":"post","link":"https:\/\/www.caririemacao.com\/1\/2020\/02\/08\/base-aerea-de-anapolis-esta-pronta-para-receber-repatriados\/","title":{"rendered":"Base A\u00e9rea de An\u00e1polis est\u00e1 pronta para receber repatriados"},"content":{"rendered":"\n<p>A Base A\u00e9rea de An\u00e1polis, em Goi\u00e1s, est\u00e1 pronta para receber os brasileiros repatriados da China. Uma comitiva formada pelos ministros da Defesa, Fernando Azevedo, e da Sa\u00fade,&nbsp;Luiz Henrique Mandetta, al\u00e9m do governador do estado, Ronaldo Caiado, e o prefeito da cidade, Roberto Naves, visitou, na tarde hoje (7), as instala\u00e7\u00f5es que v\u00e3o&nbsp;receber os 34 brasileiros e familiares resgatados de Wuhan, na China, cidade que \u00e9 o epicentro do surto mundial do coronavirus. Os repatriados&nbsp;dever\u00e3o permanecer em quarentena por 18 dias, no hotel de tr\u00e2nsito da For\u00e7a A\u00e9rea, que foi especialmente preparado para essa opera\u00e7\u00e3o.<\/p>\n\n\n\n<p>&#8220;[A previs\u00e3o \u00e9 que] na madrugada de s\u00e1bado para domingo, em torno de meia-noite, 1 hora, eles estejam pousando em An\u00e1polis. As provid\u00eancias foram todas tomadas \u2013 eu acho que n\u00f3s&nbsp;presenciamos isso aqui hoje, vimos que o pessoal andou muito r\u00e1pido e a impress\u00e3o \u00e9 \u00f3tima, altamente positiva&#8221;, afirmou o ministro Fernando Azevedo, ao&nbsp;destacar vistoria na base a\u00e9rea.<\/p>\n\n\n\n<p>No in\u00edcio da noite desta sexta-feira, as duas aeronaves decolaram de Wuhan, na China, com os 34 resgatados a bordo. Haver\u00e1 quatro escalas t\u00e9cnicas de reabastecimento: em \u00dcrumqi, na China, Vars\u00f3via, na Pol\u00f4nia, Las Palmas, na Espanha, e j\u00e1 no Brasil, em Fortaleza. Em Vars\u00f3via, devem desembarcar quatro cidad\u00e3os poloneses, um indiano e uma chinesa. Ontem (6), o presidente Jair Bolsonaro\u00a0autorizou a carona\u00a0para cidad\u00e3os de outros pa\u00edses amigos que a solicitassem.<\/p>\n\n\n\n<p>Os cidad\u00e3os resgatados que vierem para o Brasil ficar\u00e3o em apartamentos individuais ou, no caso dos que s\u00e3o pais ou m\u00e3es de crian\u00e7as menores, poder\u00e3o ficar no mesmo quarto. O grupo inclui crian\u00e7as de 2 e 3 anos e outras de 7 a&nbsp;12 anos. As visitas est\u00e3o proibidas.<\/p>\n\n\n\n<figure class=\"wp-block-image\"><img decoding=\"async\" data-src=\"http:\/\/imagens.ebc.com.br\/dh6wLaMhIEES8lR8_ajXwSrJk8I=\/754x0\/smart\/http:\/\/agenciabrasil.ebc.com.br\/sites\/default\/files\/thumbnails\/image\/2020-02-07t190912z_241420466_rc2vve9oajmr_rtrmadp_3_china-health-brazil.jpg?itok=yTL6eMyT\" alt=\"Uma vis\u00e3o geral mostra uma das salas que hospedar\u00e1 cidad\u00e3os brasileiros vindos da cidade chinesa de Wuhan, na base da For\u00e7a A\u00e9rea de An\u00e1polis, Estado de Goi\u00e1s, Brasil, 7 de fevereiro de 2020. REUTERS \/ Adriano Machado\" src=\"data:image\/svg+xml;base64,PHN2ZyB3aWR0aD0iMSIgaGVpZ2h0PSIxIiB4bWxucz0iaHR0cDovL3d3dy53My5vcmcvMjAwMC9zdmciPjwvc3ZnPg==\" class=\"lazyload\" \/><\/figure>\n\n\n\n<p>Instala\u00e7\u00f5es onde ficar\u00e3o brasileiros vindos de Wuhan, na China &#8211;&nbsp;<strong>Reuters\/Adriano Machado\/Direitos Reservados<\/strong><br><\/p>\n\n\n\n<p>Todo o per\u00edmetro da \u00e1rea reservada aos repatriados tem 900 metros quadrados. Eles ter\u00e3o atendimento m\u00e9dico e odontol\u00f3gico gratuito e v\u00e3o receber seis refei\u00e7\u00f5es di\u00e1rias. O esquema ser\u00e1 semelhante ao de um hotel, com servi\u00e7o de quarto 24 horas e monitoramento permanente. Tamb\u00e9m foi instalada brinquedoteca para o entretenimento das crian\u00e7as que fazem parte do grupo. At\u00e9 mesmo uma sala de cinema foi montada&nbsp;e servir\u00e1 ainda como audit\u00f3rio coletivo, na \u00e1rea externa do hotel. O uso de internet tamb\u00e9m est\u00e1 liberado, por meio de um rede wifi. Fora dos apartamentos, o uso de m\u00e1scara de prote\u00e7\u00e3o&nbsp; ser\u00e1 obrigat\u00f3rio, para evitar contamina\u00e7\u00e3o.<\/p>\n\n\n\n<p>O prefeito de An\u00e1polis procurou tranquilizar a popula\u00e7\u00e3o da cidade afastando qualquer risco de contamina\u00e7\u00e3o. &#8220;A popula\u00e7\u00e3o anapolina pode ficar tranquila. Tudo que&nbsp;n\u00f3s falamos naquela coletiva de imprensa, de que essas pessoas ficar\u00e3o isoladas, ficar\u00e3o em quarentena, as pessoas que tiverem contato tamb\u00e9m estar\u00e3o em quarentena.&nbsp;Existe toda uma estrutura montada, preocupa\u00e7\u00e3o no que diz respeito at\u00e9 com as roupas que essas pessoas trar\u00e3o&#8221;, disse Roberto Naves.<\/p>\n\n\n\n<p>Al\u00e9m dos 34 repatriados, 24 pessoas que participaram da opera\u00e7\u00e3o, entre m\u00e9dicos, militares e equipe de comunica\u00e7\u00e3o, incluindo um cinegrafista da&nbsp;<strong>Empresa Brasil&nbsp;de Comunica\u00e7\u00e3o<\/strong>&nbsp;(<strong>EBC<\/strong>), ficar\u00e3o em quarentena.<\/p>\n\n\n\n<h2 class=\"wp-block-heading\">Laborat\u00f3rio em Goi\u00e1s<\/h2>\n\n\n\n<p>Tamb\u00e9m foi anunciado, durante a visita, que o estado de Goi\u00e1s ter\u00e1 o quarto laborat\u00f3rio do pa\u00eds com capacidade para fazer exames de detec\u00e7\u00e3o do coronav\u00edrus. A&nbsp;estrutura\u00e7\u00e3o e os equipamentos j\u00e1 come\u00e7aram a ser instalados no laborat\u00f3rio central de Goi\u00e1s, segundo informou o ministro da Sa\u00fade, Luiz Henrique Mandetta.<\/p>\n\n\n\n<p>&#8220;Foi determinado e iniciou-se hoje a estrutura\u00e7\u00e3o. O quarto laborat\u00f3rio ser\u00e1 o laborat\u00f3rio central aqui de Goi\u00e1s, com equipamentos completos, que fica j\u00e1 como um primeiro legado, que \u00e9 aumentar capacidade laboratorial para um n\u00edvel de excel\u00eancia do laborat\u00f3rio central aqui do estado de Goi\u00e1s&#8221;, afirmou.<\/p>\n\n\n\n<p>Com as adequa\u00e7\u00f5es, o Laborat\u00f3rio Central de Goi\u00e1s se somar\u00e1 ao n\u00edvel de excel\u00eancia da Funda\u00e7\u00e3o Osvaldo Cruz, no Rio de Janeiro, do Instituto Adolfo Lutz, em S\u00e3o Paulo, e do Instituto Evandro Chagas, no Par\u00e1<\/p>\n","protected":false},"excerpt":{"rendered":"<p>A Base A\u00e9rea de An\u00e1polis, em Goi\u00e1s, est\u00e1 pronta para receber os brasileiros repatriados da China. Uma comitiva formada pelos ministros da Defesa, Fernando Azevedo,&hellip; <\/p>\n","protected":false},"author":1,"featured_media":152295,"comment_status":"closed","ping_status":"closed","sticky":false,"template":"","format":"standard","meta":{"sfsi_plus_gutenberg_text_before_share":"","sfsi_plus_gutenberg_show_text_before_share":"","sfsi_plus_gutenberg_icon_type":"","sfsi_plus_gutenberg_icon_alignemt":"","sfsi_plus_gutenburg_max_per_row":"","footnotes":""},"categories":[11],"tags":[],"class_list":["post-152294","post","type-post","status-publish","format-standard","has-post-thumbnail","hentry","category-politica"],"_links":{"self":[{"href":"https:\/\/www.caririemacao.com\/1\/wp-json\/wp\/v2\/posts\/152294","targetHints":{"allow":["GET"]}}],"collection":[{"href":"https:\/\/www.caririemacao.com\/1\/wp-json\/wp\/v2\/posts"}],"about":[{"href":"https:\/\/www.caririemacao.com\/1\/wp-json\/wp\/v2\/types\/post"}],"author":[{"embeddable":true,"href":"https:\/\/www.caririemacao.com\/1\/wp-json\/wp\/v2\/users\/1"}],"replies":[{"embeddable":true,"href":"https:\/\/www.caririemacao.com\/1\/wp-json\/wp\/v2\/comments?post=152294"}],"version-history":[{"count":1,"href":"https:\/\/www.caririemacao.com\/1\/wp-json\/wp\/v2\/posts\/152294\/revisions"}],"predecessor-version":[{"id":152296,"href":"https:\/\/www.caririemacao.com\/1\/wp-json\/wp\/v2\/posts\/152294\/revisions\/152296"}],"wp:featuredmedia":[{"embeddable":true,"href":"https:\/\/www.caririemacao.com\/1\/wp-json\/wp\/v2\/media\/152295"}],"wp:attachment":[{"href":"https:\/\/www.caririemacao.com\/1\/wp-json\/wp\/v2\/media?parent=152294"}],"wp:term":[{"taxonomy":"category","embeddable":true,"href":"https:\/\/www.caririemacao.com\/1\/wp-json\/wp\/v2\/categories?post=152294"},{"taxonomy":"post_tag","embeddable":true,"href":"https:\/\/www.caririemacao.com\/1\/wp-json\/wp\/v2\/tags?post=152294"}],"curies":[{"name":"wp","href":"https:\/\/api.w.org\/{rel}","templated":true}]}}