{"id":152300,"date":"2020-02-08T08:09:20","date_gmt":"2020-02-08T11:09:20","guid":{"rendered":"http:\/\/www.caririemacao.com\/1\/?p=152300"},"modified":"2020-02-08T08:09:21","modified_gmt":"2020-02-08T11:09:21","slug":"aeronaves-da-fab-chegam-no-sabado-a-meia-noite-a-anapolis","status":"publish","type":"post","link":"https:\/\/www.caririemacao.com\/1\/2020\/02\/08\/aeronaves-da-fab-chegam-no-sabado-a-meia-noite-a-anapolis\/","title":{"rendered":"Aeronaves da FAB chegam no s\u00e1bado \u00e0 meia-noite a An\u00e1polis"},"content":{"rendered":"\n<p>As aeronaves da For\u00e7a A\u00e9rea Brasileira (FAB) com as 34 pessoas resgatadas de Wuhan, na China, chegam por volta da meia-noite de amanh\u00e3 (8) na Base A\u00e9rea de An\u00e1polis (GO), onde as\u00a0pessoas passar\u00e3o por uma quarentena de 18 dias. A cidade chinesa \u00e9 o epicentro do surto de coronav\u00edrus.<\/p>\n\n\n\n<p>A informa\u00e7\u00e3o foi confirmada&nbsp;hoje&nbsp;(7) pelo brigadeiro Marcelo Damasceno, respons\u00e1vel pela Opera\u00e7\u00e3o Regresso, em reuni\u00e3o com o presidente Jair Bolsonaro, no Minist\u00e9rio da Defesa, em Bras\u00edlia.<\/p>\n\n\n\n<p>\u201cAo levar informa\u00e7\u00e3o clara para o Brasil e, em especial, para o pessoal de An\u00e1polis, que n\u00e3o existe qualquer risco para terceiros aqui no Brasil. \u00c9 uma opera\u00e7\u00e3o muito bem preparada e planejada\u201d, disse Bolsonaro<\/p>\n\n\n\n<p>Os ministros da Defesa, Fernando Azevedo, e da Sa\u00fade, Henrique Mandetta, tamb\u00e9m participaram do briefing antes de seguir para An\u00e1polis, onde visitar\u00e3o as instala\u00e7\u00f5es que receber\u00e3o os brasileiros e suas fam\u00edlias.<\/p>\n\n\n\n<p>Os dois avi\u00f5es partiram de \u00dcrumqi, \u00faltima escala na China, pouco depois das 10h (hor\u00e1rio de Bras\u00edlia), com previs\u00e3o de chegada em Wuhan \u00e0s 13h30 (de Bras\u00edlia). \u00c0s 17h30, partem da cidade chinesa. Antes de embarcar, as pessoas ser\u00e3o submetidas a exames m\u00e9dicos pr\u00e9vios. Quem apresentar sintomas compat\u00edveis com o coronav\u00edrus n\u00e3o poder\u00e1 viajar.<\/p>\n\n\n\n<figure class=\"wp-block-image\"><img decoding=\"async\" data-src=\"http:\/\/imagens.ebc.com.br\/ozWUu5ZEPxTyn1VUc7Ocpjm2Pvc=\/754x0\/smart\/http:\/\/agenciabrasil.ebc.com.br\/sites\/default\/files\/thumbnails\/image\/infografico-repatriacao-de-brasileiros-vs4.jpg?itok=b1hu6VnO\" alt=\"Avi\u00f5es da FAB trar\u00e3o brasileiros que est\u00e3o em Wuhan, epicentro do surto de coronav\u00edrus, para o Brasil\" src=\"data:image\/svg+xml;base64,PHN2ZyB3aWR0aD0iMSIgaGVpZ2h0PSIxIiB4bWxucz0iaHR0cDovL3d3dy53My5vcmcvMjAwMC9zdmciPjwvc3ZnPg==\" class=\"lazyload\" \/><\/figure>\n\n\n\n<p>Avi\u00f5es da FAB trar\u00e3o brasileiros que est\u00e3o em Wuhan, epicentro do surto de coronav\u00edrus, para o Brasil &#8211;&nbsp;<strong>Minist\u00e9rio da Defesa\/Divulga\u00e7\u00e3o<\/strong><\/p>\n\n\n\n<p>Al\u00e9m dos 34 resgatados, brasileiros e suas fam\u00edlias, mais&nbsp;<a href=\"http:\/\/agenciabrasil.ebc.com.br\/saude\/noticia\/2020-02\/cidadaos-de-outros-paises-poderao-voltar-da-china-em-avioes-do-brasi\" target=\"_blank\" rel=\"noreferrer noopener\">seis estrangeiros<\/a>&nbsp;\u2013 quatro poloneses, um indiano e um chin\u00eas &#8211; embarcar\u00e3o no voo da FAB. De acordo com o brigadeiro, foi um gesto de solidariedade ao governo da Pol\u00f4nia que n\u00e3o tinha como buscar seus cidad\u00e3os.<\/p>\n\n\n\n<p>Ao&nbsp;<a href=\"http:\/\/agenciabrasil.ebc.com.br\/saude\/noticia\/2020-02\/aeronaves-da-fab-decolam-com-destino-wuhan-para-buscar-brasileiros\" target=\"_blank\" rel=\"noreferrer noopener\">deixarem Bras\u00edlia<\/a>, na&nbsp;quarta-feira (5), as aeronaves brasileiras fizeram escala em Fortaleza (CE), Las Palmas (Espanha), Vars\u00f3via (Pol\u00f4nia) e \u00dcrumqi (China), at\u00e9 o destino final em Wuhan. A viagem de volta prev\u00ea escalas nos mesmos locais. Os estrangeiros desembarcar\u00e3o em Vars\u00f3via.<\/p>\n\n\n\n<p>Entre os 34 resgatados est\u00e3o duas crian\u00e7as de 2 e 3 anos. Al\u00e9m deles, 24 pessoas da equipe de resgate tamb\u00e9m passar\u00e3o pela quarentena: 12 pessoas da equipe m\u00e9dica da FAB, dois m\u00e9dicos do Minist\u00e9rio da Sa\u00fade, duas pessoas da equipe de imprensa \u2013 entre elas, um cinegrafista da&nbsp;<strong>Empresa Brasil de Comunica\u00e7\u00e3o (EBC)<\/strong>&nbsp;\u2013&nbsp;e oito tripulantes.<\/p>\n\n\n\n<h2 class=\"wp-block-heading\">Instala\u00e7\u00f5es<\/h2>\n\n\n\n<p>O hotel da Base A\u00e9rea de An\u00e1polis foi isolado e preparado para receber as 58 pessoas para os dias de quarentena. Eles ficar\u00e3o em quartos individuais,&nbsp;ter\u00e3o seis refei\u00e7\u00f5es di\u00e1rias, televis\u00e3o e internet dispon\u00edveis e espa\u00e7o de lazer e entretenimento.<\/p>\n\n\n\n<p>Os cidad\u00e3os confinados&nbsp;ter\u00e3o tratamento gratuito e o direito de serem informados permanentemente sobre seu estado de sa\u00fade. Eles ser\u00e3o monitorados e, em caso de suspeita de infec\u00e7\u00e3o, ser\u00e3o isolados e levados para outro setor da base a\u00e9rea. Caso o quadro de sa\u00fade se agrave, eles ser\u00e3o transportados, em aeronave preparada, para o Hospital da For\u00e7as Armadas, em Bras\u00edlia.<\/p>\n\n\n\n<p>No dia&nbsp;30 de janeiro, a Organiza\u00e7\u00e3o Mundial da Sa\u00fade (OMS) declarou o surto de coronav\u00edrus como emerg\u00eancia em sa\u00fade p\u00fablica de import\u00e2ncia internacional. Mais de 630 pessoas j\u00e1 morreram na China e&nbsp;<a href=\"http:\/\/agenciabrasil.ebc.com.br\/internacional\/noticia\/2020-02\/casos-de-coronavirus-na-china-passam-de-30-mil\" target=\"_blank\" rel=\"noreferrer noopener\">30 mil foram infectadas pelo novo v\u00edrus<\/a>. No Brasil,&nbsp;<a href=\"http:\/\/agenciabrasil.ebc.com.br\/saude\/noticia\/2020-02\/novo-coronavirus-brasil-tem-9-casos-suspeitos\" target=\"_blank\" rel=\"noreferrer noopener\">nove pacientes s\u00e3o monitorados<\/a>&nbsp;por suspeita de terem sido infectados. At\u00e9 agora, nenhum caso foi confirmado.<\/p>\n\n\n\n<figure class=\"wp-block-image\"><img decoding=\"async\" data-src=\"http:\/\/imagens.ebc.com.br\/mPuI0Y7Bid3JNfXSkYi4xqX1G0k=\/754x0\/smart\/http:\/\/agenciabrasil.ebc.com.br\/sites\/default\/files\/thumbnails\/image\/info_coronavirus_31jan.png?itok=Z2trQiry\" alt=\"Confira os principais sintomas e os cuidados para evitar o coronav\u00edrus.\" src=\"data:image\/svg+xml;base64,PHN2ZyB3aWR0aD0iMSIgaGVpZ2h0PSIxIiB4bWxucz0iaHR0cDovL3d3dy53My5vcmcvMjAwMC9zdmciPjwvc3ZnPg==\" class=\"lazyload\" \/><\/figure>\n\n\n\n<p>Confira os principais sintomas e os cuidados para evitar o coronav\u00edrus. &#8211;&nbsp;<strong>Ag\u00eancia Brasil<\/strong><\/p>\n","protected":false},"excerpt":{"rendered":"<p>As aeronaves da For\u00e7a A\u00e9rea Brasileira (FAB) com as 34 pessoas resgatadas de Wuhan, na China, chegam por volta da meia-noite de amanh\u00e3 (8) na&hellip; <\/p>\n","protected":false},"author":1,"featured_media":152301,"comment_status":"closed","ping_status":"closed","sticky":false,"template":"","format":"standard","meta":{"sfsi_plus_gutenberg_text_before_share":"","sfsi_plus_gutenberg_show_text_before_share":"","sfsi_plus_gutenberg_icon_type":"","sfsi_plus_gutenberg_icon_alignemt":"","sfsi_plus_gutenburg_max_per_row":"","footnotes":""},"categories":[2],"tags":[],"class_list":["post-152300","post","type-post","status-publish","format-standard","has-post-thumbnail","hentry","category-geral"],"_links":{"self":[{"href":"https:\/\/www.caririemacao.com\/1\/wp-json\/wp\/v2\/posts\/152300","targetHints":{"allow":["GET"]}}],"collection":[{"href":"https:\/\/www.caririemacao.com\/1\/wp-json\/wp\/v2\/posts"}],"about":[{"href":"https:\/\/www.caririemacao.com\/1\/wp-json\/wp\/v2\/types\/post"}],"author":[{"embeddable":true,"href":"https:\/\/www.caririemacao.com\/1\/wp-json\/wp\/v2\/users\/1"}],"replies":[{"embeddable":true,"href":"https:\/\/www.caririemacao.com\/1\/wp-json\/wp\/v2\/comments?post=152300"}],"version-history":[{"count":1,"href":"https:\/\/www.caririemacao.com\/1\/wp-json\/wp\/v2\/posts\/152300\/revisions"}],"predecessor-version":[{"id":152302,"href":"https:\/\/www.caririemacao.com\/1\/wp-json\/wp\/v2\/posts\/152300\/revisions\/152302"}],"wp:featuredmedia":[{"embeddable":true,"href":"https:\/\/www.caririemacao.com\/1\/wp-json\/wp\/v2\/media\/152301"}],"wp:attachment":[{"href":"https:\/\/www.caririemacao.com\/1\/wp-json\/wp\/v2\/media?parent=152300"}],"wp:term":[{"taxonomy":"category","embeddable":true,"href":"https:\/\/www.caririemacao.com\/1\/wp-json\/wp\/v2\/categories?post=152300"},{"taxonomy":"post_tag","embeddable":true,"href":"https:\/\/www.caririemacao.com\/1\/wp-json\/wp\/v2\/tags?post=152300"}],"curies":[{"name":"wp","href":"https:\/\/api.w.org\/{rel}","templated":true}]}}