{"id":152316,"date":"2020-02-08T08:33:08","date_gmt":"2020-02-08T11:33:08","guid":{"rendered":"http:\/\/www.caririemacao.com\/1\/?p=152316"},"modified":"2020-02-08T08:33:09","modified_gmt":"2020-02-08T11:33:09","slug":"brasil-encerra-copa-do-mundo-de-halterofilismo-com-8-medalhas","status":"publish","type":"post","link":"https:\/\/www.caririemacao.com\/1\/2020\/02\/08\/brasil-encerra-copa-do-mundo-de-halterofilismo-com-8-medalhas\/","title":{"rendered":"Brasil encerra Copa do Mundo de Halterofilismo com 8 medalhas"},"content":{"rendered":"\n<p>Terminou nesta sexta (7) a etapa de Abuja (Nig\u00e9ria) da Copa do Mundo de Halterofilismo paral\u00edmpico. E o Brasil chegou ao final do evento com o total de oito medalhas, as duas \u00faltimas douradas, gra\u00e7as a conquistas do baiano Ev\u00e2nio da Silva e do mineiro Mateus de Assis.<\/p>\n\n\n\n<p>Com as duas conquistas desta sexta a delega\u00e7\u00e3o brasileira terminou o quadro de medalhas na terceira posi\u00e7\u00e3o, com tr\u00eas ouros, tr\u00eas pratas e dois bronzes.<\/p>\n\n\n\n<p>Na categoria at\u00e9 88kg Ev\u00e2nio da Silva garantiu o ouro ao levantar 196kg. J\u00e1 Mateus de Assis venceu na categoria at\u00e9 107kg com a marca de 211kg.<\/p>\n","protected":false},"excerpt":{"rendered":"<p>Terminou nesta sexta (7) a etapa de Abuja (Nig\u00e9ria) da Copa do Mundo de Halterofilismo paral\u00edmpico. E o Brasil chegou ao final do evento com&hellip; <\/p>\n","protected":false},"author":1,"featured_media":152317,"comment_status":"closed","ping_status":"closed","sticky":false,"template":"","format":"standard","meta":{"sfsi_plus_gutenberg_text_before_share":"","sfsi_plus_gutenberg_show_text_before_share":"","sfsi_plus_gutenberg_icon_type":"","sfsi_plus_gutenberg_icon_alignemt":"","sfsi_plus_gutenburg_max_per_row":"","footnotes":""},"categories":[13],"tags":[],"class_list":["post-152316","post","type-post","status-publish","format-standard","has-post-thumbnail","hentry","category-esportes"],"_links":{"self":[{"href":"https:\/\/www.caririemacao.com\/1\/wp-json\/wp\/v2\/posts\/152316","targetHints":{"allow":["GET"]}}],"collection":[{"href":"https:\/\/www.caririemacao.com\/1\/wp-json\/wp\/v2\/posts"}],"about":[{"href":"https:\/\/www.caririemacao.com\/1\/wp-json\/wp\/v2\/types\/post"}],"author":[{"embeddable":true,"href":"https:\/\/www.caririemacao.com\/1\/wp-json\/wp\/v2\/users\/1"}],"replies":[{"embeddable":true,"href":"https:\/\/www.caririemacao.com\/1\/wp-json\/wp\/v2\/comments?post=152316"}],"version-history":[{"count":1,"href":"https:\/\/www.caririemacao.com\/1\/wp-json\/wp\/v2\/posts\/152316\/revisions"}],"predecessor-version":[{"id":152318,"href":"https:\/\/www.caririemacao.com\/1\/wp-json\/wp\/v2\/posts\/152316\/revisions\/152318"}],"wp:featuredmedia":[{"embeddable":true,"href":"https:\/\/www.caririemacao.com\/1\/wp-json\/wp\/v2\/media\/152317"}],"wp:attachment":[{"href":"https:\/\/www.caririemacao.com\/1\/wp-json\/wp\/v2\/media?parent=152316"}],"wp:term":[{"taxonomy":"category","embeddable":true,"href":"https:\/\/www.caririemacao.com\/1\/wp-json\/wp\/v2\/categories?post=152316"},{"taxonomy":"post_tag","embeddable":true,"href":"https:\/\/www.caririemacao.com\/1\/wp-json\/wp\/v2\/tags?post=152316"}],"curies":[{"name":"wp","href":"https:\/\/api.w.org\/{rel}","templated":true}]}}