{"id":152321,"date":"2020-02-08T08:36:18","date_gmt":"2020-02-08T11:36:18","guid":{"rendered":"http:\/\/www.caririemacao.com\/1\/?p=152321"},"modified":"2020-02-08T08:36:19","modified_gmt":"2020-02-08T11:36:19","slug":"estagio-mppb-abre-14-vagas-para-estudantes-de-curso-superior","status":"publish","type":"post","link":"https:\/\/www.caririemacao.com\/1\/2020\/02\/08\/estagio-mppb-abre-14-vagas-para-estudantes-de-curso-superior\/","title":{"rendered":"Est\u00e1gio: MPPB abre 14 vagas para estudantes de curso superior"},"content":{"rendered":"\n<p>O Minist\u00e9rio P\u00fablico da Para\u00edba (MPPB) publicou, nesta quinta-feira (27\/04), no Di\u00e1rio Oficial Eletr\u00f4nico, o edital para sele\u00e7\u00e3o de estudantes para est\u00e1gio curricular n\u00e3o obrigat\u00f3rio. S\u00e3o 14 vagas destinadas a matriculados em cursos superiores de Inform\u00e1tica, Jornalismo, Rela\u00e7\u00f5es P\u00fablicas e Comunica\u00e7\u00e3o em M\u00eddias Digitais. As inscri\u00e7\u00f5es devem ser feitas no per\u00edodo de 11 a 21 de fevereiro.<\/p>\n\n\n\n<p>Os selecionados v\u00e3o auxiliar os profissionais da institui\u00e7\u00e3o em atividades compat\u00edveis com os cursos nos quais est\u00e3o matriculados. As institui\u00e7\u00f5es de ensino superior que celebraram conv\u00eanios com o Minist\u00e9rio P\u00fablico s\u00e3o: Instituto Federal de Educa\u00e7\u00e3o, Ci\u00eancia e Tecnologia da Para\u00edba (IFPB), Institutos Paraibanos de Educa\u00e7\u00e3o (Unip\u00ea), Faculdade Maur\u00edcio de Nassau, Instituto de Educa\u00e7\u00e3o Superior da Para\u00edba (Iesp) e Universidade Federal da Para\u00edba (UFPB).<\/p>\n\n\n\n<p><strong>Inscri\u00e7\u00f5es<\/strong><\/p>\n\n\n\n<p>De acordo com o edital, os estudantes interessados em se inscrever no processo seletivo dever\u00e3o preencher a ficha de inscri\u00e7\u00e3o dispon\u00edvel no endere\u00e7o&nbsp;<a href=\"http:\/\/www.mppb.mp.br\/index.php\/transparencia\/concursos\" target=\"_blank\" rel=\"noreferrer noopener\">http:\/\/www.mppb.mp.br\/index.php\/transparencia\/concursos<\/a>.<\/p>\n\n\n\n<p>Os estudantes devem apresentar o formul\u00e1rio de inscri\u00e7\u00e3o devidamente preenchido e o hist\u00f3rico escolar atualizado, constando o per\u00edodo cursado e o Coeficiente de Rendimento Escolar \u2013 CRE. O material pode ser entregue por e-mail (<a href=\"mailto:estagio@mppb.mp.br\" target=\"_blank\" rel=\"noreferrer noopener\">estagio@mppb.mp.br<\/a>) ou pessoalmente, na Diretoria Administrativa do MPPB, situada na Rua Treze de Maio, 677, Anexo V, Centro, Jo\u00e3o Pessoa, das 8h \u00e0s 18h, de segunda a quinta-feira, e, das 7h \u00e0s 13h, nas sextas-feiras.<\/p>\n\n\n\n<p><strong>Benef\u00edcios<\/strong><\/p>\n\n\n\n<p>Ainda conforme o edital, os selecionados receber\u00e3o bolsa de R$ 492,20 mais R$ 107,80 de aux\u00edlio-transporte. A carga jornada do est\u00e1gio ter\u00e1 carga hor\u00e1ria de 30 horas semanais, n\u00e3o ultrapassando o limite seis horas di\u00e1rias. Os estudantes t\u00eam direito a seguro contra acidentes pessoais e a certificado, ao final do est\u00e1gio. Eles exercer\u00e3o suas atividades na Assessoria de Comunica\u00e7\u00e3o do MPPB e na Diretoria de Tecnologia da Informa\u00e7\u00e3o: Departamento de Suporte e Redes.<\/p>\n\n\n\n<p><strong><em>PB Agora<\/em><\/strong><\/p>\n","protected":false},"excerpt":{"rendered":"<p>O Minist\u00e9rio P\u00fablico da Para\u00edba (MPPB) publicou, nesta quinta-feira (27\/04), no Di\u00e1rio Oficial Eletr\u00f4nico, o edital para sele\u00e7\u00e3o de estudantes para est\u00e1gio curricular n\u00e3o obrigat\u00f3rio.&hellip; <\/p>\n","protected":false},"author":1,"featured_media":91702,"comment_status":"closed","ping_status":"closed","sticky":false,"template":"","format":"standard","meta":{"sfsi_plus_gutenberg_text_before_share":"","sfsi_plus_gutenberg_show_text_before_share":"","sfsi_plus_gutenberg_icon_type":"","sfsi_plus_gutenberg_icon_alignemt":"","sfsi_plus_gutenburg_max_per_row":"","footnotes":""},"categories":[2],"tags":[],"class_list":["post-152321","post","type-post","status-publish","format-standard","has-post-thumbnail","hentry","category-geral"],"_links":{"self":[{"href":"https:\/\/www.caririemacao.com\/1\/wp-json\/wp\/v2\/posts\/152321","targetHints":{"allow":["GET"]}}],"collection":[{"href":"https:\/\/www.caririemacao.com\/1\/wp-json\/wp\/v2\/posts"}],"about":[{"href":"https:\/\/www.caririemacao.com\/1\/wp-json\/wp\/v2\/types\/post"}],"author":[{"embeddable":true,"href":"https:\/\/www.caririemacao.com\/1\/wp-json\/wp\/v2\/users\/1"}],"replies":[{"embeddable":true,"href":"https:\/\/www.caririemacao.com\/1\/wp-json\/wp\/v2\/comments?post=152321"}],"version-history":[{"count":1,"href":"https:\/\/www.caririemacao.com\/1\/wp-json\/wp\/v2\/posts\/152321\/revisions"}],"predecessor-version":[{"id":152323,"href":"https:\/\/www.caririemacao.com\/1\/wp-json\/wp\/v2\/posts\/152321\/revisions\/152323"}],"wp:featuredmedia":[{"embeddable":true,"href":"https:\/\/www.caririemacao.com\/1\/wp-json\/wp\/v2\/media\/91702"}],"wp:attachment":[{"href":"https:\/\/www.caririemacao.com\/1\/wp-json\/wp\/v2\/media?parent=152321"}],"wp:term":[{"taxonomy":"category","embeddable":true,"href":"https:\/\/www.caririemacao.com\/1\/wp-json\/wp\/v2\/categories?post=152321"},{"taxonomy":"post_tag","embeddable":true,"href":"https:\/\/www.caririemacao.com\/1\/wp-json\/wp\/v2\/tags?post=152321"}],"curies":[{"name":"wp","href":"https:\/\/api.w.org\/{rel}","templated":true}]}}